{"id":450426,"date":"2025-10-09T16:28:11","date_gmt":"2025-10-09T16:28:11","guid":{"rendered":"https:\/\/www.europesays.com\/fr\/450426\/"},"modified":"2025-10-09T16:28:11","modified_gmt":"2025-10-09T16:28:11","slug":"lada-blois-experimente-lentrainement-du-capitaine-avant-hyeres-toulon","status":"publish","type":"post","link":"https:\/\/www.europesays.com\/fr\/450426\/","title":{"rendered":"l\u2019ADA Blois exp\u00e9rimente l\u2019entra\u00eenement du capitaine avant Hy\u00e8res-Toulon"},"content":{"rendered":"<p><strong>Hy\u00e8res-Toulon (11e, 50\u00a0%) &#8211; ADA Blois (4e, 75\u00a0%)<\/strong><\/p>\n<p>Si les supporteurs les plus motiv\u00e9s de l\u2019ADA Blois ont pu apercevoir le car aux couleurs de leur \u00e9quipe bien vide sur l\u2019autoroute A7 ce jeudi 9\u00a0octobre, qu\u2019ils se rassurent, les joueurs n\u2019ont pas \u00e9t\u00e9 oubli\u00e9s sur une aire de repos. Pour ce long d\u00e9placement, le troisi\u00e8me en dix jours, le club a fait un choix \u00e0 la fois strat\u00e9gique et \u00e9conomique pour se rendre \u00e0 Toulon. Si les joueurs ont pris l\u2019avion jeudi matin pour raccourcir leur temps de trajet, les entra\u00eeneurs ont, quant \u00e0 eux, pris la direction du Var en bus. Et tous rentreront par la route dans la nuit de vendredi \u00e0 samedi.<\/p>\n<p>Ainsi, les joueurs, partis avec le pr\u00e9parateur physique Rapha\u00ebl Loie et le kin\u00e9 Sylvain Courtin, vont pouvoir se reposer \u00e0 leur arriv\u00e9e, r\u00e9cup\u00e9rer et faire des soins avant le match du lendemain contre Hy\u00e8res-Toulon. En revanche, compliqu\u00e9 de s\u2019entra\u00eener la veille de match comme de coutume sans coach. David Morabito a alors imagin\u00e9 quelque chose\u00a0: \u00ab\u00a0Je tente un truc, comme au rugby on va faire l\u2019entra\u00eenement du capitaine la veille du match\u00a0\u00bb.\u00a0Cette m\u00e9thode consiste \u00e0 laisser le capitaine mener la s\u00e9ance d\u2019entra\u00eenement la veille de la rencontre&#8230;. <\/p>\n<p>    Cet article a \u00e9t\u00e9 tronqu\u00e9. Abonnez-vous pour lire l&rsquo;article complet sur notre site.<\/p>\n<p style=\"margin: 0 !important; padding: 0 !important; font-size: 12px !important;\">Cet article a \u00e9t\u00e9 tronqu\u00e9. Abonnez-vous pour lire l&rsquo;article complet.<\/p>\n<p>    <a href=\"https:\/\/www.lanouvellerepublique.fr\/abonnements\" style=\"display: inline-block; margin-top: 5px !important; padding: 6px 12px !important; background: #cb1c27; color: white; text-decoration: none; border-radius: 4px; font-size: 12px !important;\" target=\"_blank\" rel=\"noopener\"><br \/>\n      S&rsquo;abonner<br \/>\n    <\/a><\/p>\n","protected":false},"excerpt":{"rendered":"Hy\u00e8res-Toulon (11e, 50\u00a0%) &#8211; ADA Blois (4e, 75\u00a0%) Si les supporteurs les plus motiv\u00e9s de l\u2019ADA Blois ont&hellip;\n","protected":false},"author":2,"featured_media":450427,"comment_status":"","ping_status":"","sticky":false,"template":"","format":"standard","meta":{"footnotes":""},"categories":[9619],"tags":[1392,1111,11,10062,1465,3469,7944,1777,674,1011,27,4368,12,882,25,60,2310],"class_list":{"0":"post-450426","1":"post","2":"type-post","3":"status-publish","4":"format-standard","5":"has-post-thumbnail","7":"category-toulon","8":"tag-a-la-une-local","9":"tag-actu","10":"tag-actualites","11":"tag-ada-blois-basket-41","12":"tag-basket","13":"tag-blois","14":"tag-elite-2","15":"tag-eu","16":"tag-europe","17":"tag-fr","18":"tag-france","19":"tag-loir-et-cher","20":"tag-news","21":"tag-provence-alpes-cote-dazur","22":"tag-republique-francaise","23":"tag-sports","24":"tag-toulon"},"share_on_mastodon":{"url":"https:\/\/pubeurope.com\/@fr\/115345157581528461","error":""},"_links":{"self":[{"href":"https:\/\/www.europesays.com\/fr\/wp-json\/wp\/v2\/posts\/450426","targetHints":{"allow":["GET"]}}],"collection":[{"href":"https:\/\/www.europesays.com\/fr\/wp-json\/wp\/v2\/posts"}],"about":[{"href":"https:\/\/www.europesays.com\/fr\/wp-json\/wp\/v2\/types\/post"}],"author":[{"embeddable":true,"href":"https:\/\/www.europesays.com\/fr\/wp-json\/wp\/v2\/users\/2"}],"replies":[{"embeddable":true,"href":"https:\/\/www.europesays.com\/fr\/wp-json\/wp\/v2\/comments?post=450426"}],"version-history":[{"count":0,"href":"https:\/\/www.europesays.com\/fr\/wp-json\/wp\/v2\/posts\/450426\/revisions"}],"wp:featuredmedia":[{"embeddable":true,"href":"https:\/\/www.europesays.com\/fr\/wp-json\/wp\/v2\/media\/450427"}],"wp:attachment":[{"href":"https:\/\/www.europesays.com\/fr\/wp-json\/wp\/v2\/media?parent=450426"}],"wp:term":[{"taxonomy":"category","embeddable":true,"href":"https:\/\/www.europesays.com\/fr\/wp-json\/wp\/v2\/categories?post=450426"},{"taxonomy":"post_tag","embeddable":true,"href":"https:\/\/www.europesays.com\/fr\/wp-json\/wp\/v2\/tags?post=450426"}],"curies":[{"name":"wp","href":"https:\/\/api.w.org\/{rel}","templated":true}]}}