{"id":450444,"date":"2025-10-09T16:38:12","date_gmt":"2025-10-09T16:38:12","guid":{"rendered":"https:\/\/www.europesays.com\/fr\/450444\/"},"modified":"2025-10-09T16:38:12","modified_gmt":"2025-10-09T16:38:12","slug":"strasbourg-au-restaurant-alsacien-aux-trois-chevaliers-une-page-se-tourne-mais-le-cordon-bleu-reste","status":"publish","type":"post","link":"https:\/\/www.europesays.com\/fr\/450444\/","title":{"rendered":"Strasbourg. Au restaurant alsacien \u201cAux Trois Chevaliers\u201d, une page se tourne mais le cordon-bleu reste"},"content":{"rendered":"<p>Tout est encore l\u00e0\u00a0! Les 50 couverts en salle et autant en terrasse\u00a0; les murs bruts habill\u00e9s d\u2019immenses miroirs\u00a0; les chaises alsaciennes aux pieds divergents\u00a0; les longues banquettes aux murs et les vieilles poutres au plafond\u00a0; l\u2019impressionnant lustre \u00e0 pampilles surplombant le stammtisch. \u00a0Jusqu\u2019au gargantuesque cordon-bleu (au munster et \u00e0 la cr\u00e8me, \u00e0 condition d\u2019avoir d\u00e9finitivement renonc\u00e9 au summer body ), qui remplit \u00e0 lui seul l\u2019assiette et fait ici office de plat signature.<\/p>\n<p>Tout, mais pas tout le monde, les pr\u00e9c\u00e9dents propri\u00e9taires de la winstub Aux Trois Chevaliers , Christine et Stephan Maser, ayant apr\u00e8s 17 ans c\u00e9d\u00e9 leur place au nouveau ma\u00eetre des lieux, Gilles Egloff.<\/p>\n<p>Un si\u00e8cle de restauration<\/p>\n<p>Deux semaines apr\u00e8s leur ultime service, le&#8230;<\/p>\n","protected":false},"excerpt":{"rendered":"Tout est encore l\u00e0\u00a0! Les 50 couverts en salle et autant en terrasse\u00a0; les murs bruts habill\u00e9s d\u2019immenses&hellip;\n","protected":false},"author":2,"featured_media":450445,"comment_status":"","ping_status":"","sticky":false,"template":"","format":"standard","meta":{"footnotes":""},"categories":[2820],"tags":[1111,11,1477,4406,130,33,2880,1777,674,107,1011,27,1661,775,12,25,640,2879],"class_list":{"0":"post-450444","1":"post","2":"type-post","3":"status-publish","4":"format-standard","5":"has-post-thumbnail","7":"category-strasbourg","8":"tag-actu","9":"tag-actualites","10":"tag-artisanat","11":"tag-commerce-et-services","12":"tag-consommation","13":"tag-economie","14":"tag-edition-strasbourg","15":"tag-eu","16":"tag-europe","17":"tag-fil-info","18":"tag-fr","19":"tag-france","20":"tag-gastronomie","21":"tag-grand-est","22":"tag-news","23":"tag-republique-francaise","24":"tag-strasbourg","25":"tag-strasbourg-ville"},"share_on_mastodon":{"url":"https:\/\/pubeurope.com\/@fr\/115345195263901568","error":""},"_links":{"self":[{"href":"https:\/\/www.europesays.com\/fr\/wp-json\/wp\/v2\/posts\/450444","targetHints":{"allow":["GET"]}}],"collection":[{"href":"https:\/\/www.europesays.com\/fr\/wp-json\/wp\/v2\/posts"}],"about":[{"href":"https:\/\/www.europesays.com\/fr\/wp-json\/wp\/v2\/types\/post"}],"author":[{"embeddable":true,"href":"https:\/\/www.europesays.com\/fr\/wp-json\/wp\/v2\/users\/2"}],"replies":[{"embeddable":true,"href":"https:\/\/www.europesays.com\/fr\/wp-json\/wp\/v2\/comments?post=450444"}],"version-history":[{"count":0,"href":"https:\/\/www.europesays.com\/fr\/wp-json\/wp\/v2\/posts\/450444\/revisions"}],"wp:featuredmedia":[{"embeddable":true,"href":"https:\/\/www.europesays.com\/fr\/wp-json\/wp\/v2\/media\/450445"}],"wp:attachment":[{"href":"https:\/\/www.europesays.com\/fr\/wp-json\/wp\/v2\/media?parent=450444"}],"wp:term":[{"taxonomy":"category","embeddable":true,"href":"https:\/\/www.europesays.com\/fr\/wp-json\/wp\/v2\/categories?post=450444"},{"taxonomy":"post_tag","embeddable":true,"href":"https:\/\/www.europesays.com\/fr\/wp-json\/wp\/v2\/tags?post=450444"}],"curies":[{"name":"wp","href":"https:\/\/api.w.org\/{rel}","templated":true}]}}