{"id":450446,"date":"2025-10-09T16:39:13","date_gmt":"2025-10-09T16:39:13","guid":{"rendered":"https:\/\/www.europesays.com\/fr\/450446\/"},"modified":"2025-10-09T16:39:13","modified_gmt":"2025-10-09T16:39:13","slug":"strasbourg-la-caisse-dassurance-maladie-jugee-pour-homicide-involontaire-apres-le-suicide-dune-medecin","status":"publish","type":"post","link":"https:\/\/www.europesays.com\/fr\/450446\/","title":{"rendered":"Strasbourg. La Caisse d\u2019Assurance maladie jug\u00e9e pour homicide involontaire apr\u00e8s le suicide d\u2019une m\u00e9decin"},"content":{"rendered":"<p>\u00ab\u00a0Chronique d\u2019une d\u00e9shumanisation annonc\u00e9e\u00a0\u00bb. Voil\u00e0 comment le procureur S\u00e9bastien Pompey amorce ses r\u00e9quisitions. Pour lui, il ne fait aucun doute. La Caisse d\u2019assurance maladie est p\u00e9nalement responsable du suicide d\u2019une m\u00e9decin-conseil. Juste avant de se d\u00e9fenestrer du 4e \u00e9tage, le 12\u00a0d\u00e9cembre 2023, la victime avait laiss\u00e9 un mot sur son clavier d\u2019ordinateur\u00a0: \u00ab\u00a0Je n\u2019arrive pas \u00e0 m\u2019am\u00e9liorer, je n\u2019arrive pas \u00e0 m\u2019int\u00e9grer, je n\u2019en peux plus. Je craque, je vous demande pardon.\u00a0\u00bb En indiquant les coordonn\u00e9es de ses proches \u00e0 pr\u00e9venir.<\/p>\n<p>Une enqu\u00eate sur les conditions du drame avait alors \u00e9t\u00e9 ouverte en interne et le parquet de Strasbourg avait saisi l\u2019inspection du travail.<\/p>\n<p>Des m\u00e9thodes de travail \u00ab\u00a0cadenc\u00e9es et infernales\u00a0\u00bb<\/p>\n<p>La victime, une m\u00e8re de famille de trois enfants, connaissait bien les murs de la Caisse&#8230;<\/p>\n","protected":false},"excerpt":{"rendered":"\u00ab\u00a0Chronique d\u2019une d\u00e9shumanisation annonc\u00e9e\u00a0\u00bb. Voil\u00e0 comment le procureur S\u00e9bastien Pompey amorce ses r\u00e9quisitions. Pour lui, il ne fait&hellip;\n","protected":false},"author":2,"featured_media":450447,"comment_status":"","ping_status":"","sticky":false,"template":"","format":"standard","meta":{"footnotes":""},"categories":[2820],"tags":[1111,11,2389,2649,271,272,2880,1777,674,274,107,1011,27,775,12,25,640,2879],"class_list":{"0":"post-450446","1":"post","2":"type-post","3":"status-publish","4":"format-standard","5":"has-post-thumbnail","7":"category-strasbourg","8":"tag-actu","9":"tag-actualites","10":"tag-alsace","11":"tag-bas-rhin","12":"tag-crime","13":"tag-delit-et-contravention","14":"tag-edition-strasbourg","15":"tag-eu","16":"tag-europe","17":"tag-faits-divers-justice","18":"tag-fil-info","19":"tag-fr","20":"tag-france","21":"tag-grand-est","22":"tag-news","23":"tag-republique-francaise","24":"tag-strasbourg","25":"tag-strasbourg-ville"},"share_on_mastodon":{"url":"https:\/\/pubeurope.com\/@fr\/115345199197385430","error":""},"_links":{"self":[{"href":"https:\/\/www.europesays.com\/fr\/wp-json\/wp\/v2\/posts\/450446","targetHints":{"allow":["GET"]}}],"collection":[{"href":"https:\/\/www.europesays.com\/fr\/wp-json\/wp\/v2\/posts"}],"about":[{"href":"https:\/\/www.europesays.com\/fr\/wp-json\/wp\/v2\/types\/post"}],"author":[{"embeddable":true,"href":"https:\/\/www.europesays.com\/fr\/wp-json\/wp\/v2\/users\/2"}],"replies":[{"embeddable":true,"href":"https:\/\/www.europesays.com\/fr\/wp-json\/wp\/v2\/comments?post=450446"}],"version-history":[{"count":0,"href":"https:\/\/www.europesays.com\/fr\/wp-json\/wp\/v2\/posts\/450446\/revisions"}],"wp:featuredmedia":[{"embeddable":true,"href":"https:\/\/www.europesays.com\/fr\/wp-json\/wp\/v2\/media\/450447"}],"wp:attachment":[{"href":"https:\/\/www.europesays.com\/fr\/wp-json\/wp\/v2\/media?parent=450446"}],"wp:term":[{"taxonomy":"category","embeddable":true,"href":"https:\/\/www.europesays.com\/fr\/wp-json\/wp\/v2\/categories?post=450446"},{"taxonomy":"post_tag","embeddable":true,"href":"https:\/\/www.europesays.com\/fr\/wp-json\/wp\/v2\/tags?post=450446"}],"curies":[{"name":"wp","href":"https:\/\/api.w.org\/{rel}","templated":true}]}}