{"id":450448,"date":"2025-10-09T16:40:22","date_gmt":"2025-10-09T16:40:22","guid":{"rendered":"https:\/\/www.europesays.com\/fr\/450448\/"},"modified":"2025-10-09T16:40:22","modified_gmt":"2025-10-09T16:40:22","slug":"le-plongeoir-le-nouveau-rendez-vous-de-linnovation-signe-french-tech-cote","status":"publish","type":"post","link":"https:\/\/www.europesays.com\/fr\/450448\/","title":{"rendered":"Le Plongeoir : le nouveau rendez-vous de l\u2019innovation sign\u00e9 French Tech C\u00f4te (\u2026)"},"content":{"rendered":"<p>                    <img loading=\"lazy\" decoding=\"async\" src=\"https:\/\/www.europesays.com\/fr\/wp-content\/uploads\/2025\/10\/77708183a3241811f930a67cd81a34.png\" class=\"img-responsive post-image\" width=\"680\" height=\"510\" alt=\"Le Plongeoir : le nouveau\" title=\"Le Plongeoir : le nouveau rendez-vous de l'innovation sign\u00e9 French Tech C\u00f4te d'Azur\"\/><\/p>\n<p class=\"chapo\">La French Tech C\u00f4te d\u2019Azur lance Le Plongeoir, son nouvel \u00e9v\u00e9nement phare destin\u00e9 \u00e0 rassembler l\u2019\u00e9cosyst\u00e8me de l\u2019innovation et de l\u2019entrepreneuriat azur\u00e9en. La premi\u00e8re \u00e9dition se tiendra au Centre des congr\u00e8s Oc\u00e9aNice, au port de Nice le jeudi 27 novembre et sera plac\u00e9e sous le signe de la r\u00e9silience.<\/p>\n<p>Pens\u00e9 comme un rendez-vous annuel de r\u00e9f\u00e9rence, Le Plongeoir ambitionne de f\u00e9d\u00e9rer plus de 300 participants\u00a0: entrepreneurs, investisseurs, chercheurs, d\u00e9cideurs publics, sportifs de haut niveau et repr\u00e9sentants institutionnels. L\u2019\u00e9v\u00e9nement proposera conf\u00e9rences, tables rondes et t\u00e9moignages autour d\u2019une question centrale\u00a0: comment les entreprises innovantes transforment les crises en leviers d\u2019opportunit\u00e9 et de croissance durable.<\/p>\n<p>Trois axes pour penser la r\u00e9silience<\/p>\n<p>Cette premi\u00e8re \u00e9dition s\u2019articulera autour de trois th\u00e9matiques majeures\u00a0:<br class=\"autobr\"\/><br \/>\n<strong>Entrepreneurs\u00a0: s\u2019appuyer sur les talents pour r\u00e9inventer l\u2019avenir<br class=\"autobr\"\/><br \/>\nDe la start-up \u00e0 l\u2019entreprise\u00a0: incarner l\u2019impact soci\u00e9tal et environnemental<br class=\"autobr\"\/><br \/>\nFaire de chaque obstacle une opportunit\u00e9 de croissance<\/strong><\/p>\n<p>\u00c0 travers ces d\u00e9bats et retours d\u2019exp\u00e9rience, Le Plongeoir entend illustrer la<strong> capacit\u00e9 d\u2019adaptation et la force cr\u00e9ative de l\u2019\u00e9cosyst\u00e8me French Tech local<\/strong>, confront\u00e9 aux d\u00e9fis \u00e9conomiques, technologiques et environnementaux actuels.<\/p>\n<p>Un espace d\u2019inspiration et de prospective<\/p>\n<p>\u00ab\u00a0Avec Le Plongeoir, nous voulons offrir \u00e0 notre territoire un espace de r\u00e9flexion, de rencontre et d\u2019inspiration autour de l\u2019innovation, au croisement de la technologie, de l\u2019humain et de l\u2019environnement\u00a0\u00bb, explique <strong>Farouk Ra\u00efs<\/strong>, directeur de la French Tech C\u00f4te d\u2019Azur.<br class=\"autobr\"\/><br \/>\nSoutenu par un large r\u00e9seau d\u2019acteurs \u00e9conomiques et institutionnels, l\u2019\u00e9v\u00e9nement s\u2019inscrit dans la continuit\u00e9 de la dynamique d\u2019innovation port\u00e9e par la French Tech sur la C\u00f4te d\u2019Azur, avec l\u2019ambition de devenir un temps fort annuel incontournable pour la communaut\u00e9 entrepreneuriale r\u00e9gionale.<\/p>\n<p><strong>Informations pratiques<\/strong><br class=\"autobr\"\/><br \/>\nCentre des congr\u00e8s Oc\u00e9aNice \u2013 Port de Nice<br class=\"autobr\"\/><br \/>\nJeudi 27 novembre 2025<br class=\"autobr\"\/><br \/>\n<a href=\"https:\/\/www.le-plongeoir-by-la-f.com\/\" class=\"spip_out\" rel=\"external nofollow noopener\" target=\"_blank\">Lien d\u2019inscription<\/a><\/p>\n","protected":false},"excerpt":{"rendered":"La French Tech C\u00f4te d\u2019Azur lance Le Plongeoir, son nouvel \u00e9v\u00e9nement phare destin\u00e9 \u00e0 rassembler l\u2019\u00e9cosyst\u00e8me de l\u2019innovation&hellip;\n","protected":false},"author":2,"featured_media":450449,"comment_status":"","ping_status":"","sticky":false,"template":"","format":"standard","meta":{"footnotes":""},"categories":[2819],"tags":[1111,11,2408,1777,674,1011,27,12,2401,882,25],"class_list":{"0":"post-450448","1":"post","2":"type-post","3":"status-publish","4":"format-standard","5":"has-post-thumbnail","7":"category-nice","8":"tag-actu","9":"tag-actualites","10":"tag-appels-d","11":"tag-eu","12":"tag-europe","13":"tag-fr","14":"tag-france","15":"tag-news","16":"tag-nice","17":"tag-provence-alpes-cote-dazur","18":"tag-republique-francaise"},"share_on_mastodon":{"url":"https:\/\/pubeurope.com\/@fr\/115345203613947267","error":""},"_links":{"self":[{"href":"https:\/\/www.europesays.com\/fr\/wp-json\/wp\/v2\/posts\/450448","targetHints":{"allow":["GET"]}}],"collection":[{"href":"https:\/\/www.europesays.com\/fr\/wp-json\/wp\/v2\/posts"}],"about":[{"href":"https:\/\/www.europesays.com\/fr\/wp-json\/wp\/v2\/types\/post"}],"author":[{"embeddable":true,"href":"https:\/\/www.europesays.com\/fr\/wp-json\/wp\/v2\/users\/2"}],"replies":[{"embeddable":true,"href":"https:\/\/www.europesays.com\/fr\/wp-json\/wp\/v2\/comments?post=450448"}],"version-history":[{"count":0,"href":"https:\/\/www.europesays.com\/fr\/wp-json\/wp\/v2\/posts\/450448\/revisions"}],"wp:featuredmedia":[{"embeddable":true,"href":"https:\/\/www.europesays.com\/fr\/wp-json\/wp\/v2\/media\/450449"}],"wp:attachment":[{"href":"https:\/\/www.europesays.com\/fr\/wp-json\/wp\/v2\/media?parent=450448"}],"wp:term":[{"taxonomy":"category","embeddable":true,"href":"https:\/\/www.europesays.com\/fr\/wp-json\/wp\/v2\/categories?post=450448"},{"taxonomy":"post_tag","embeddable":true,"href":"https:\/\/www.europesays.com\/fr\/wp-json\/wp\/v2\/tags?post=450448"}],"curies":[{"name":"wp","href":"https:\/\/api.w.org\/{rel}","templated":true}]}}