{"id":450452,"date":"2025-10-09T16:42:12","date_gmt":"2025-10-09T16:42:12","guid":{"rendered":"https:\/\/www.europesays.com\/fr\/450452\/"},"modified":"2025-10-09T16:42:12","modified_gmt":"2025-10-09T16:42:12","slug":"tournee-a-nantes-la-serie-le-choix-met-en-scene-lamitie-les-quartiers-et-le-trafic-de-drogue","status":"publish","type":"post","link":"https:\/\/www.europesays.com\/fr\/450452\/","title":{"rendered":"Tourn\u00e9e \u00e0 Nantes, la s\u00e9rie \u00ab\u00a0Le Choix\u00a0\u00bb met en sc\u00e8ne l&rsquo;amiti\u00e9, les quartiers et le trafic de drogue"},"content":{"rendered":"<p>            Par<br \/>\n        <strong><br \/>\n            <a href=\"https:\/\/actu.fr\/auteur\/thomas-bernard\" title=\"Consulter tous les articles de Thomas Bernard\" target=\"_blank\" rel=\"noopener\">Thomas Bernard<\/a><br \/>\n        <\/strong><\/p>\n<p>        Publi\u00e9 le<\/p>\n<p>            9 oct. 2025 \u00e0 18h15        <\/p>\n<p>\u00ab\u2009Le vrai danger, ce n\u2019est pas l\u2019ennemi, c\u2019est le choix.\u2009\u00bb Cette phrase, c\u2019est l\u2019accroche d\u2019un\u00a0projet cin\u00e9matographique. <a href=\"https:\/\/www.instagram.com\/le.choix.laserie\/\" target=\"_blank\" rel=\"noopener\">Le Choix<\/a>, une s\u00e9rie <strong>cor\u00e9alis\u00e9e par Flogo et Soriba Dabo<\/strong>, auteur et acteur nantais.<\/p>\n<p class=\" wall-content\">Une s\u00e9rie de quatre \u00e9pisodes (pour une dur\u00e9e comprise entre 12 et 15\u00a0minutes) dont l\u2019intrigue met en sc\u00e8ne <strong>l\u2019impact de l\u2019\u00e9conomie souterraine dans le quotidien<\/strong> des personnages.<\/p>\n<p class=\" wall-content\">Ce dimanche 12\u00a0octobre, \u00e0 19h, les trois premiers \u00e9pisodes de la s\u00e9rie seront diffus\u00e9s, en avant-premi\u00e8re, <strong>au cin\u00e9ma UGC Atlantis \u00e0 Saint-Herblain<\/strong>, la <a href=\"https:\/\/my.weezevent.com\/soiree-courts-metrages-le-choix?fbclid=PARlRTSANDfWxleHRuA2FlbQIxMQABpww-Qk80oK3zwn4xxxdgx5MRy4wl34T6hWyT7DkafaLRXrlyYLH5_rw09vWW_aem_avfjw-8MFw-v6YX5znZ7Zg\" target=\"_blank\" rel=\"noopener\">billetterie est ouverte<\/a>. En plus de la projection au cin\u00e9ma, la s\u00e9rie nantaise sera publi\u00e9e sur Youtube \u00e0 la fin du mois d\u2019octobre.<\/p>\n<p class=\" wall-content\">Passionn\u00e9 de fiction, Soriba Dabo, entame une nouvelle \u00e9tape de sa jeune carri\u00e8re. \u00c0 quelques jours de l\u2019avant-premi\u00e8re, celui qui a grandi \u00e0 Saint-Herblain partage son ressenti sur ce projet \u00ab\u2009made in Nantes\u2009\u00bb. Rencontre.<\/p>\n<p class=\" wall-content\">\n<p>\u00ab\u2009Un grand puzzle\u2009\u00bb<\/p>\n<p class=\" wall-content\">L\u2019id\u00e9e de la s\u00e9rie \u00e9merge en 2017 lors d\u2019un voyage de Soriba en Afrique. Une cr\u00e9ation qu\u2019il garde dans un coin de sa t\u00eate au gr\u00e9 de son parcours. <strong>Th\u00e9\u00e2tre, cin\u00e9ma, projets artistiques\u2026 <\/strong>en huit ans, l\u2019Herblinois multiplie les exp\u00e9riences o\u00f9 il acquiert une \u00ab\u2009maturit\u00e9\u2009\u00bb.<\/p>\n<p class=\" wall-content\">Cette derni\u00e8re lui permet d\u2019\u00e9toffer l\u2019\u00e9criture de la s\u00e9rie, imagin\u00e9e en 2017. En 2024, Soriba rencontre Flogo, \u00ab\u2009chef op\u2009\u00bb (chef op\u00e9rateur), cor\u00e9alisateur de la s\u00e9rie Le Choix. \u00ab\u2009Je lui ai parl\u00e9 de mon projet de s\u00e9rie et je lui ai dit que je voulais la produire pour 2025. Naturellement, lui et moi, on s\u2019est mis dessus et on a r\u00e9uni le puzzle pour faire le projet\u2009\u00bb, raconte l\u2019acteur de 28\u00a0ans.<\/p>\n<p class=\" wall-content\">Autoproduit, le projet r\u00e9unit <strong>une trentaine de personnes<\/strong>. R\u00e9alisateurs, com\u00e9diens, techniciens, logisticiens participent au tournage de la s\u00e9rie. \u00ab\u2009On a tourn\u00e9 \u00e0 plein r\u00e9gime pendant dix jours en avril. <strong>C\u2019\u00e9tait du 10h \u2013 22h\u2009\u00bb<\/strong>, pr\u00e9cise l\u2019ancien basketteur.<\/p>\n<p>Votre r\u00e9gion, votre actu !<\/p>\n<p>Recevez chaque jour les infos qui comptent pour vous.<\/p>\n<p>\t<a href=\"https:\/\/actu.fr\/newsletter\" class=\"ac-btn ac-btn--corner ac-btn--medium ac-btn--blue800\" target=\"_blank\" rel=\"noopener\">S&rsquo;incrire<\/a><\/p>\n<p>    <img   decoding=\"async\" loading=\"lazy\" src=\"https:\/\/www.europesays.com\/fr\/wp-content\/uploads\/2025\/10\/soriba-dabo-nantes-960x640.png\" alt=\"\u00c0 28 ans, Soriba Dabo encha\u00eene les exp\u00e9riences. Le Choix, est l'un de ses nouveaux projets cin\u00e9matographiques. \" width=\"960\" height=\"640\"\/><br \/>\n    \u00c0 28\u00a0ans, Soriba Dabo encha\u00eene les exp\u00e9riences. Le Choix, est l\u2019un de ses nouveaux projets cin\u00e9matographiques. (\u00a9Flogo \/ transmis \u00e0 actu Nantes)<\/p>\n<p class=\" wall-content\">Le <strong>quartier de Chantenay,<\/strong> \u00e0 Nantes, et le <strong>quartier de Bellevue,<\/strong> \u00e0 Saint-Herblain, servent de d\u00e9cor \u00e0 l\u2019intrigue. Du casting, \u00e0 la mise en sc\u00e8ne en passant par l\u2019\u00e9criture, Soriba apprend \u00e0 \u00ab\u2009g\u00e9rer un grand puzzle, que repr\u00e9sente la fiction\u2009\u00bb.<\/p>\n<p class=\" wall-content\">\u00ab\u2009Je suis fier de voir ce projet se concr\u00e9tiser\u2009\u00bb, sourit le jeune homme.<\/p>\n<p>Choix, amiti\u00e9 et quartier<\/p>\n<p class=\" wall-content\">\u00ab\u2009La s\u00e9rie est orient\u00e9e vers l\u2019\u00e9conomie souterraine et le trafic de drogue. Deux individus, qui sont des amis, ont d\u00e9cid\u00e9 d\u2019en faire leur activit\u00e9 principale. <strong>Il y en a un qui veut s\u2019en sortir et l\u2019autre reste but\u00e9<\/strong>. Leur solidarit\u00e9 et fraternit\u00e9 se\u2009\u2019cassent la gueule\u2019 (sic) du fait des choix qu\u2019ils font\u2009\u00bb, d\u00e9taille le Nantais.<\/p>\n<p class=\" wall-content\">Le Choix\u2009se d\u00e9roule dans un quartier populaire. Passionn\u00e9 de th\u00e9\u00e2tre, Soriba ne veut <strong>pas faire passer un message politique<\/strong> \u00e0 travers la narration de la s\u00e9rie, mais simplement proposer une \u0153uvre de fiction. \u00ab\u2009On pourrait \u00e9crire des \u0153uvres th\u00e9\u00e2trales avec plein d\u2019histoires de quartier.\u2009\u00bb<\/p>\n<p class=\" wall-content\">\u00c0 travers l\u2019histoire des personnages, le r\u00e9cit de la s\u00e9rie s\u2019int\u00e9resse \u00e0 la <strong>notion de choix<\/strong> et sur la mani\u00e8re dont l\u2019\u00eatre humain l\u2019appr\u00e9hende dans son quotidien.<\/p>\n<blockquote class=\"ac-article-quote wall-content\">\n<p>Malheureusement, parfois tu n&rsquo;as pas le choix de tomber dedans (milieu de la drogue, N.D.L.R), mais tu as toujours le choix de te relever en tout cas. Pour moi, la s\u00e9rie s&rsquo;appelle le choix, parce qu&rsquo;on a le choix. On fait tous des b\u00eatises, on fait tous des choses malgr\u00e9 nous, mais on a le choix de relever la t\u00eate.<\/p>\n<p>    <strong>Soriba Dabo<\/strong><br \/>\n        Cor\u00e9alisateur de la s\u00e9rie Le Choix    <\/p><\/blockquote>\n<p class=\" wall-content\">Outre la s\u00e9rie, Soriba souhaite \u00ab\u2009d\u00e9velopper d\u2019autres histoires, amener de la fantaisie et du r\u00e9alisme\u2009\u00bb dans le futur. D\u00e9sormais, Soriba attend avec impatience de livrer le travail collectif au plus grand nombre, via Youtube (fin octobre) et avec la projection au cin\u00e9ma dimanche.<\/p>\n<p class=\" wall-content\">\u00ab\u2009L\u2019avant-premi\u00e8re c\u2019est un \u00e9v\u00e9nement festif pour tous. <strong>Je suis fier du travail accompli.<\/strong> La diffusion sera un vrai moment de partage.\u2009\u00bb<\/p>\n<p><strong>Infos pratiques<\/strong>\u2009:<br \/>\nLe Choix, avant-premi\u00e8re, \u00e0 l\u2019UGC Cin\u00e9 Atlantis, Saint-Herblain<br \/>\nDimanche 12\u00a0octobre 2025 \u00e0 19h.<br \/>\nTarif\u2009: 6\u00a0euros.<br \/>\nBilletterie <a href=\"https:\/\/my.weezevent.com\/soiree-courts-metrages-le-choix?fbclid=PARlRTSANDfWxleHRuA2FlbQIxMQABpww-Qk80oK3zwn4xxxdgx5MRy4wl34T6hWyT7DkafaLRXrlyYLH5_rw09vWW_aem_avfjw-8MFw-v6YX5znZ7Zg\" target=\"_blank\" rel=\"noopener\">en ligne<\/a>.<\/p>\n<p class=\" wall-content\">Personnalisez votre actualit\u00e9 en ajoutant vos villes et m\u00e9dias en favori avec <a href=\"https:\/\/moncompte.actu.fr\" title=\"D\u00e9couvez Mon Actu\" rel=\"nofollow noopener\" data-trk=\"{&quot;cta&quot;:{&quot;action&quot;:&quot;https:\\\/\\\/moncompte.actu.fr&quot;,&quot;category&quot;:&quot;mon compte&quot;,&quot;from&quot;:&quot;article footer&quot;,&quot;name&quot;:&quot;Mon actu&quot;,&quot;type&quot;:&quot;cta&quot;}}\" target=\"_blank\">Mon Actu<\/a>.<\/p>\n<p>                    <script async src=\"\/\/www.instagram.com\/embed.js\"><\/script><\/p>\n","protected":false},"excerpt":{"rendered":"Par Thomas Bernard Publi\u00e9 le 9 oct. 2025 \u00e0 18h15 \u00ab\u2009Le vrai danger, ce n\u2019est pas l\u2019ennemi, c\u2019est&hellip;\n","protected":false},"author":2,"featured_media":450453,"comment_status":"","ping_status":"","sticky":false,"template":"","format":"standard","meta":{"footnotes":""},"categories":[2818],"tags":[1111,11,650,1777,674,1011,27,1652,766,12,2636,25,2784],"class_list":{"0":"post-450452","1":"post","2":"type-post","3":"status-publish","4":"format-standard","5":"has-post-thumbnail","7":"category-nantes","8":"tag-actu","9":"tag-actualites","10":"tag-cinema","11":"tag-eu","12":"tag-europe","13":"tag-fr","14":"tag-france","15":"tag-loisirs-culture","16":"tag-nantes","17":"tag-news","18":"tag-pays-de-la-loire","19":"tag-republique-francaise","20":"tag-youtube"},"share_on_mastodon":{"url":"https:\/\/pubeurope.com\/@fr\/115345211530413994","error":""},"_links":{"self":[{"href":"https:\/\/www.europesays.com\/fr\/wp-json\/wp\/v2\/posts\/450452","targetHints":{"allow":["GET"]}}],"collection":[{"href":"https:\/\/www.europesays.com\/fr\/wp-json\/wp\/v2\/posts"}],"about":[{"href":"https:\/\/www.europesays.com\/fr\/wp-json\/wp\/v2\/types\/post"}],"author":[{"embeddable":true,"href":"https:\/\/www.europesays.com\/fr\/wp-json\/wp\/v2\/users\/2"}],"replies":[{"embeddable":true,"href":"https:\/\/www.europesays.com\/fr\/wp-json\/wp\/v2\/comments?post=450452"}],"version-history":[{"count":0,"href":"https:\/\/www.europesays.com\/fr\/wp-json\/wp\/v2\/posts\/450452\/revisions"}],"wp:featuredmedia":[{"embeddable":true,"href":"https:\/\/www.europesays.com\/fr\/wp-json\/wp\/v2\/media\/450453"}],"wp:attachment":[{"href":"https:\/\/www.europesays.com\/fr\/wp-json\/wp\/v2\/media?parent=450452"}],"wp:term":[{"taxonomy":"category","embeddable":true,"href":"https:\/\/www.europesays.com\/fr\/wp-json\/wp\/v2\/categories?post=450452"},{"taxonomy":"post_tag","embeddable":true,"href":"https:\/\/www.europesays.com\/fr\/wp-json\/wp\/v2\/tags?post=450452"}],"curies":[{"name":"wp","href":"https:\/\/api.w.org\/{rel}","templated":true}]}}