{"id":450458,"date":"2025-10-09T16:45:12","date_gmt":"2025-10-09T16:45:12","guid":{"rendered":"https:\/\/www.europesays.com\/fr\/450458\/"},"modified":"2025-10-09T16:45:12","modified_gmt":"2025-10-09T16:45:12","slug":"cinq-hommes-condamnes-apres-un-rodeo-sauvage","status":"publish","type":"post","link":"https:\/\/www.europesays.com\/fr\/450458\/","title":{"rendered":"cinq hommes condamn\u00e9s apr\u00e8s un rod\u00e9o sauvage"},"content":{"rendered":"<p>\n    Les auteurs pr\u00e9sum\u00e9s des faits ont \u00e9galement vu leurs v\u00e9hicules saisis. Trois d\u2019entre eux ont \u00e9t\u00e9 condamn\u00e9s avec sursis.<\/p>\n<p class=\"fig-paragraph\">Ce lundi 6 octobre, cinq hommes, \u00e2g\u00e9s de 19 \u00e0 36 ans, ont \u00e9t\u00e9 interpell\u00e9s par la police judiciaire de\u00a0<a href=\"http:\/\/www.lefigaro.fr\/bordeaux\/a-bordeaux-des-creatures-inspirees-de-pokemon-pour-lutter-contre-les-incivilites-dans-le-tramway-20251009\" data-fig-type=\"NewsFlash\" data-gtm-custom-categorie=\"navigation\" data-gtm-custom-action=\"crossclick\" data-gtm-custom-label=\"Contextuel\" data-gtm-event=\"customEventSPE\" data-fig-domain=\"LEFIGARO\" target=\"_blank\" rel=\"noopener\">Bordeaux<\/a>, apr\u00e8s avoir particip\u00e9 \u00e0 un\u00a0<a href=\"https:\/\/www.lefigaro.fr\/bordeaux\/500-voitures-3000-personnes-un-important-rodeo-sauvage-stoppe-par-la-police-a-bordeaux-20250510?msockid=258c4318a154643d05395665a0ed65f9\" target=\"_blank\" data-fig-type=\"NewsFlash\" rel=\"sponsored noopener\" data-gtm-custom-categorie=\"navigation\" data-gtm-custom-action=\"crossclick\" data-gtm-custom-label=\"Contextuel\" data-gtm-event=\"customEventSPE\" data-fig-domain=\"LEFIGARO\">rod\u00e9o sauvage<\/a>\u00a0organis\u00e9 trois jours plus t\u00f4t. L\u2019op\u00e9ration a conduit \u00e0 la saisie de quatre v\u00e9hicules, parmi lesquels un buggy et une motocyclette, pour une valeur totale estim\u00e9e \u00e0 pr\u00e8s de 100.000 euros. D\u00e9f\u00e9r\u00e9s mercredi devant le parquet, trois des cinq mis en cause ont reconnu leur participation aux faits.<\/p>\n<p class=\"fig-paragraph\">Le tribunal a prononc\u00e9 \u00e0 leur encontre des peines allant de 4 \u00e0 8 mois de prison avec sursis, assorties d\u2019une suspension ou annulation de leur permis de conduire. \u00abLes v\u00e9hicules dont ils \u00e9taient propri\u00e9taires ont imm\u00e9diatement \u00e9t\u00e9 confisqu\u00e9s et seront prochainement vendus\u00bb, pr\u00e9cise le parquet de Bordeaux.<\/p>\n<p>                                    <a class=\"fig-a11y-skip a11y-hidden\" href=\"#fig-a11y-skip-main-inarticle\"><br \/>\n        Passer la publicit\u00e9<br \/>\n    <\/a><\/p>\n<p>Une enfant de 6 ans \u00e0 bord d\u2019un v\u00e9hicule<\/p>\n<p class=\"fig-paragraph\">Les deux autres participants pr\u00e9sum\u00e9s ont contest\u00e9 les faits. Ils seront jug\u00e9s le 27 mars 2026 devant le tribunal correctionnel. Dans l\u2019attente de l\u2019audience, ils ont \u00e9t\u00e9 plac\u00e9s sous contr\u00f4le judiciaire.<\/p>\n<p class=\"fig-paragraph\">Ils devront notamment se pr\u00e9senter toutes les deux semaines au commissariat, s\u2019abstenir de conduire tout v\u00e9hicule motoris\u00e9 et \u00e9viter de para\u00eetre cours Jules Ladoum\u00e8gue, l\u00e0 o\u00f9 le rod\u00e9o a eu lieu. Leurs v\u00e9hicules ont eux aussi \u00e9t\u00e9 saisis et mis en vente.<\/p>\n<p class=\"fig-paragraph\">\u00abL\u2019un des mis en cause participait au run alors que sa fille de six ans se trouvait \u00e0 bord de son v\u00e9hicule\u00bb, a ajout\u00e9 le parquet. \u00abLes services de police comme le parquet de Bordeaux poursuivront autant que n\u00e9cessaire ces op\u00e9rations. Il en va de la pr\u00e9servation des vies humaines de nos concitoyens\u00bb, ont \u00e9crit, dans un communiqu\u00e9 conjoint, \u00c9ric Krust, le commissaire g\u00e9n\u00e9ral et Renaud Gaudeul, le procureur de la R\u00e9publique de Bordeaux.<\/p>\n<p>    Un autre v\u00e9hicule saisi.<br \/>\n                Parquet de Bordeaux<\/p>\n","protected":false},"excerpt":{"rendered":"Les auteurs pr\u00e9sum\u00e9s des faits ont \u00e9galement vu leurs v\u00e9hicules saisis. Trois d\u2019entre eux ont \u00e9t\u00e9 condamn\u00e9s avec&hellip;\n","protected":false},"author":2,"featured_media":450459,"comment_status":"","ping_status":"","sticky":false,"template":"","format":"standard","meta":{"footnotes":""},"categories":[2817],"tags":[1111,11,1997,1777,674,1011,27,3302,12,2219,25,15695],"class_list":{"0":"post-450458","1":"post","2":"type-post","3":"status-publish","4":"format-standard","5":"has-post-thumbnail","7":"category-bordeaux","8":"tag-actu","9":"tag-actualites","10":"tag-bordeaux","11":"tag-eu","12":"tag-europe","13":"tag-fr","14":"tag-france","15":"tag-motos","16":"tag-news","17":"tag-nouvelle-aquitaine","18":"tag-republique-francaise","19":"tag-rodeo-sauvage"},"share_on_mastodon":{"url":"https:\/\/pubeurope.com\/@fr\/115345222928332554","error":""},"_links":{"self":[{"href":"https:\/\/www.europesays.com\/fr\/wp-json\/wp\/v2\/posts\/450458","targetHints":{"allow":["GET"]}}],"collection":[{"href":"https:\/\/www.europesays.com\/fr\/wp-json\/wp\/v2\/posts"}],"about":[{"href":"https:\/\/www.europesays.com\/fr\/wp-json\/wp\/v2\/types\/post"}],"author":[{"embeddable":true,"href":"https:\/\/www.europesays.com\/fr\/wp-json\/wp\/v2\/users\/2"}],"replies":[{"embeddable":true,"href":"https:\/\/www.europesays.com\/fr\/wp-json\/wp\/v2\/comments?post=450458"}],"version-history":[{"count":0,"href":"https:\/\/www.europesays.com\/fr\/wp-json\/wp\/v2\/posts\/450458\/revisions"}],"wp:featuredmedia":[{"embeddable":true,"href":"https:\/\/www.europesays.com\/fr\/wp-json\/wp\/v2\/media\/450459"}],"wp:attachment":[{"href":"https:\/\/www.europesays.com\/fr\/wp-json\/wp\/v2\/media?parent=450458"}],"wp:term":[{"taxonomy":"category","embeddable":true,"href":"https:\/\/www.europesays.com\/fr\/wp-json\/wp\/v2\/categories?post=450458"},{"taxonomy":"post_tag","embeddable":true,"href":"https:\/\/www.europesays.com\/fr\/wp-json\/wp\/v2\/tags?post=450458"}],"curies":[{"name":"wp","href":"https:\/\/api.w.org\/{rel}","templated":true}]}}