{"id":450464,"date":"2025-10-09T16:48:11","date_gmt":"2025-10-09T16:48:11","guid":{"rendered":"https:\/\/www.europesays.com\/fr\/450464\/"},"modified":"2025-10-09T16:48:11","modified_gmt":"2025-10-09T16:48:11","slug":"une-grande-fete-de-la-biere-avec-concert-et-brassin-exceptionnel-ce-samedi","status":"publish","type":"post","link":"https:\/\/www.europesays.com\/fr\/450464\/","title":{"rendered":"une grande f\u00eate de la bi\u00e8re avec concert et brassin exceptionnel ce samedi\u00a0!"},"content":{"rendered":"<p>            Par<br \/>\n        <strong><br \/>\n            <a href=\"https:\/\/actu.fr\/auteur\/nicolas-demollien\" title=\"Consulter tous les articles de Nicolas Demollien\" target=\"_blank\" rel=\"noopener\">Nicolas Demollien<\/a><br \/>\n        <\/strong><\/p>\n<p>        Publi\u00e9 le<\/p>\n<p>            9 oct. 2025 \u00e0 18h16        <\/p>\n<p>Si vous aimez la <a href=\"https:\/\/actu.fr\/tag\/biere\" target=\"_blank\" rel=\"noopener\">bi\u00e8re<\/a>, voil\u00e0 un \u00e9v\u00e9nement \u00e0 ne pas manquer ! \u00c0 <a href=\"https:\/\/actu.fr\/hauts-de-france\/hem_59299\" target=\"_blank\" rel=\"noopener\">Hem<\/a>, tout pr\u00e8s de <a href=\"https:\/\/actu.fr\/hauts-de-france\/lille_59350\" target=\"_blank\" rel=\"noopener\">Lille<\/a> (Nord), la <b>brasserie Les Tours du Malt<\/b> organise une <b>grande f\u00eate<\/b> consacr\u00e9e \u00e0 la boisson pr\u00e9f\u00e9r\u00e9e des Nordistes, ce samedi 11 octobre 2025. Au menu, entre autres, un <b>concert<\/b> et un <b>brassin exceptionnel<\/b>.<\/p>\n<p>Une f\u00eate de la bi\u00e8re aux Tours du Malt \u00e0 Hem<\/p>\n<p class=\" wall-content\">Le rendez-vous est fix\u00e9 \u00e0 la <b>ferme Braquaval<\/b> (rue Braquaval) pour une \u00ab\u00a0journ\u00e9e festive et conviviale plac\u00e9e sous le signe de la bonne humeur et de la d\u00e9gustation de bi\u00e8res locales\u00a0\u00bb de 11h30 \u00e0 20h.<\/p>\n<p data-end=\"683\" class=\" wall-content\">Pour les plus courageux, vous pouvez m\u00eame vous rendre sur place d\u00e8s 10h \u00ab\u00a0afin d\u2019assister au<b> brassin commun aux c\u00f4t\u00e9s des brasseurs<\/b>, une occasion unique d\u2019\u00e9changer avec de r\u00e9els passionn\u00e9s\u00a0\u00bb, soufflent les organisateurs.<\/p>\n<p data-end=\"683\" class=\" wall-content\">Plusieurs brasseurs locaux se r\u00e9uniront en effet pour cr\u00e9er une bi\u00e8re unique, sp\u00e9cialement brass\u00e9e pour l\u2019occasion. Ce brassin commun r\u00e9unira les brasseries <b>Bierbuik, Brewbaix, Chromatique, Singe Savant<\/b> et bien entendu <b>Les Tours du Malt<\/b>.<\/p>\n<p data-end=\"683\" class=\" wall-content\">Une <b>petite restauration<\/b> (frites\/saucisse \u00e0 emporter) sera propos\u00e9e sur le temps du midi gr\u00e2ce \u00e0 la participation du restaurant de la ferme L\u2019\u00e9table de Hem. Tout au long de l\u2019apr\u00e8s-midi, les <b>brasseries r\u00e9unies sur place<\/b> tiendront un stand avec une s\u00e9lection de bi\u00e8res bouteilles en vente \u00e0 emporter. Le bar sera \u00e9galement ouvert.<\/p>\n<p>Votre r\u00e9gion, votre actu !<\/p>\n<p>Recevez chaque jour les infos qui comptent pour vous.<\/p>\n<p>\t<a href=\"https:\/\/actu.fr\/newsletter\" class=\"ac-btn ac-btn--corner ac-btn--medium ac-btn--blue800\" target=\"_blank\" rel=\"noopener\">S&rsquo;incrire<\/a><\/p>\n<p data-end=\"1268\" class=\" wall-content\">D\u00e8s 16h, le <b>groupe de rock<\/b> <b>Forgerty Spirit <\/b>donnera un <a href=\"https:\/\/actu.fr\/loisirs-culture\/concert\" target=\"_blank\" rel=\"noopener\">concert<\/a> d\u20191h30 tandis qu\u2019un atelier maquillage sera propos\u00e9 pour les petits comme les grands. La journ\u00e9e se cl\u00f4turera aux alentours de 20h.<\/p>\n<p>    <a href=\"https:\/\/www.facebook.com\/plugins\/post.php?href=https%3A%2F%2Fwww.facebook.com%2Fbrasserie.les.tours.du.malt%2Fposts%2Fpfbid02PbjBnfTkDLqiVxwaQbHCUp6ApK3P5TvTCjFsAS9fyQd51viMj3qn2ynRxamHjxUsl&amp;show_text=true&amp;width=350\" title=\"Ouvrie le lien\" target=\"_blank\" rel=\"noopener\">Cliquez ici pour visualiser le contenu<\/a><\/p>\n<p class=\" wall-content\">Pour m\u00e9moire, la brasserie des Tours du Malt a vu le jour en juillet 2020. Implant\u00e9e \u00e0 Hem, en plein c\u0153ur de la ferme Braquaval, cette brasserie est le projet d\u2019Herv\u00e9 et Cl\u00e9ment, p\u00e8re et fils : l\u2019un en reconversion professionnelle, l\u2019autre fra\u00eechement dipl\u00f4m\u00e9.<\/p>\n<p data-end=\"2425\" class=\" wall-content\">Plus d\u2019infos sur le site <a href=\"https:\/\/www.lestoursdumalt.fr\/\" target=\"_blank\" rel=\"noopener\">lestoursdumalt.fr<\/a><\/p>\n<p class=\" wall-content\">Personnalisez votre actualit\u00e9 en ajoutant vos villes et m\u00e9dias en favori avec <a href=\"https:\/\/moncompte.actu.fr\" title=\"D\u00e9couvez Mon Actu\" rel=\"nofollow noopener\" data-trk=\"{&quot;cta&quot;:{&quot;action&quot;:&quot;https:\\\/\\\/moncompte.actu.fr&quot;,&quot;category&quot;:&quot;mon compte&quot;,&quot;from&quot;:&quot;article footer&quot;,&quot;name&quot;:&quot;Mon actu&quot;,&quot;type&quot;:&quot;cta&quot;}}\" target=\"_blank\">Mon Actu<\/a>.<\/p>\n","protected":false},"excerpt":{"rendered":"Par Nicolas Demollien Publi\u00e9 le 9 oct. 2025 \u00e0 18h16 Si vous aimez la bi\u00e8re, voil\u00e0 un \u00e9v\u00e9nement&hellip;\n","protected":false},"author":2,"featured_media":450465,"comment_status":"","ping_status":"","sticky":false,"template":"","format":"standard","meta":{"footnotes":""},"categories":[2815],"tags":[1111,11,7722,1777,674,1011,27,811,1307,1652,12,25],"class_list":{"0":"post-450464","1":"post","2":"type-post","3":"status-publish","4":"format-standard","5":"has-post-thumbnail","7":"category-lille","8":"tag-actu","9":"tag-actualites","10":"tag-biere","11":"tag-eu","12":"tag-europe","13":"tag-fr","14":"tag-france","15":"tag-hauts-de-france","16":"tag-lille","17":"tag-loisirs-culture","18":"tag-news","19":"tag-republique-francaise"},"share_on_mastodon":{"url":"https:\/\/pubeurope.com\/@fr\/115345234600730116","error":""},"_links":{"self":[{"href":"https:\/\/www.europesays.com\/fr\/wp-json\/wp\/v2\/posts\/450464","targetHints":{"allow":["GET"]}}],"collection":[{"href":"https:\/\/www.europesays.com\/fr\/wp-json\/wp\/v2\/posts"}],"about":[{"href":"https:\/\/www.europesays.com\/fr\/wp-json\/wp\/v2\/types\/post"}],"author":[{"embeddable":true,"href":"https:\/\/www.europesays.com\/fr\/wp-json\/wp\/v2\/users\/2"}],"replies":[{"embeddable":true,"href":"https:\/\/www.europesays.com\/fr\/wp-json\/wp\/v2\/comments?post=450464"}],"version-history":[{"count":0,"href":"https:\/\/www.europesays.com\/fr\/wp-json\/wp\/v2\/posts\/450464\/revisions"}],"wp:featuredmedia":[{"embeddable":true,"href":"https:\/\/www.europesays.com\/fr\/wp-json\/wp\/v2\/media\/450465"}],"wp:attachment":[{"href":"https:\/\/www.europesays.com\/fr\/wp-json\/wp\/v2\/media?parent=450464"}],"wp:term":[{"taxonomy":"category","embeddable":true,"href":"https:\/\/www.europesays.com\/fr\/wp-json\/wp\/v2\/categories?post=450464"},{"taxonomy":"post_tag","embeddable":true,"href":"https:\/\/www.europesays.com\/fr\/wp-json\/wp\/v2\/tags?post=450464"}],"curies":[{"name":"wp","href":"https:\/\/api.w.org\/{rel}","templated":true}]}}