{"id":450466,"date":"2025-10-09T16:49:18","date_gmt":"2025-10-09T16:49:18","guid":{"rendered":"https:\/\/www.europesays.com\/fr\/450466\/"},"modified":"2025-10-09T16:49:18","modified_gmt":"2025-10-09T16:49:18","slug":"championnat-departemental-de-gymnastique-rythmique-individuel-evenements","status":"publish","type":"post","link":"https:\/\/www.europesays.com\/fr\/450466\/","title":{"rendered":"Championnat D\u00e9partemental de Gymnastique Rythmique &#8211; Individuel \/ \u00c9v\u00e9nements"},"content":{"rendered":"<p>\n                                                                        Le 12 octobre 2025<br \/>\n\t\t\t\t\t\t\t\t\t\t\tde 08h00 \u00e0 18h00\n\t\t\t\t\t                                        <\/p>\n<p class=\"subtitle\">\u00e0 <strong><br \/>\nPalais des Sports Saint-Sauveur<\/strong><\/p>\n<p>Comp\u00e9tition d\u00e9partementale organis\u00e9e par le P\u00f4le Excellence de GR du Grand Lille<\/p>\n<p>            <img loading=\"lazy\" decoding=\"async\" src=\"\/var\/www\/storage\/images\/mediatheque\/mairie-de-lille\/images-openagenda\/championnat-departemental-de-gymnastique-rythmique-individuel\/3865697-1-fre-FR\/Championnat-Departemental-de-Gymnastique-Rythmique-Individuel_news_image_top.jpg\" width=\"779\" height=\"518\" alt=\"Championnat D\u00e9partemental de Gymnastique Rythmique - Individuel\"\/><\/p>\n<p>Le Palais des Sports Saint-Sauveur accueille le dimanche 12 octobre le championnat d\u00e9partemental de GR dans la cat\u00e9gorie \u00ab\u00a0Individuel\u00a0\u00bb.<\/p>\n<p>Cet \u00e9v\u00e8nement, organis\u00e9 par le P\u00f4le Excellence de GR du Grand Lille, rassemblera un grand nombre de gymnastes du d\u00e9partement.<\/p>\n<p>\nLes portes ouvriront \u00e0 partir de 8h.<br \/>L&rsquo;entr\u00e9e est payante.<br \/>N&rsquo;h\u00e9sitez pas \u00e0 venir les encourager.<\/p>\n<p>        \t\t                            Infos pratiques<\/p>\n<p>                    Lieu<\/p>\n<p>\nPalais des Sports Saint-Sauveur<\/p>\n<p>                    Adresse<\/p>\n<p>78, avenue du Pr\u00e9sident John F. Kennedy &#8211; 59800 Lille<\/p>\n<p>                                                            Voir le plan<\/p>\n<p>\n                    PublicsDe  \u00e0  ans<\/p>\n<p>                            Horaires<\/p>\n<p class=\"textAlone\">Le 12\/10\/2025 de 08:00 \u00e0 18:00<\/p>\n<p>                        Tarifs<\/p>\n<p>Tarifs : \\- 2\u20ac pour les non licenci\u00e9s, \\- 1\u20ac pour les licenci\u00e9s, \\- gratuit pour les moins de 12 ans<\/p>\n","protected":false},"excerpt":{"rendered":"Le 12 octobre 2025 de 08h00 \u00e0 18h00 \u00e0 Palais des Sports Saint-Sauveur Comp\u00e9tition d\u00e9partementale organis\u00e9e par le&hellip;\n","protected":false},"author":2,"featured_media":450467,"comment_status":"","ping_status":"","sticky":false,"template":"","format":"standard","meta":{"footnotes":""},"categories":[2815],"tags":[1111,11,4763,1777,674,1011,27,811,1307,5415,12,25],"class_list":{"0":"post-450466","1":"post","2":"type-post","3":"status-publish","4":"format-standard","5":"has-post-thumbnail","7":"category-lille","8":"tag-actu","9":"tag-actualites","10":"tag-agenda","11":"tag-eu","12":"tag-europe","13":"tag-fr","14":"tag-france","15":"tag-hauts-de-france","16":"tag-lille","17":"tag-mairie","18":"tag-news","19":"tag-republique-francaise"},"share_on_mastodon":{"url":"https:\/\/pubeurope.com\/@fr\/115345239427114400","error":""},"_links":{"self":[{"href":"https:\/\/www.europesays.com\/fr\/wp-json\/wp\/v2\/posts\/450466","targetHints":{"allow":["GET"]}}],"collection":[{"href":"https:\/\/www.europesays.com\/fr\/wp-json\/wp\/v2\/posts"}],"about":[{"href":"https:\/\/www.europesays.com\/fr\/wp-json\/wp\/v2\/types\/post"}],"author":[{"embeddable":true,"href":"https:\/\/www.europesays.com\/fr\/wp-json\/wp\/v2\/users\/2"}],"replies":[{"embeddable":true,"href":"https:\/\/www.europesays.com\/fr\/wp-json\/wp\/v2\/comments?post=450466"}],"version-history":[{"count":0,"href":"https:\/\/www.europesays.com\/fr\/wp-json\/wp\/v2\/posts\/450466\/revisions"}],"wp:featuredmedia":[{"embeddable":true,"href":"https:\/\/www.europesays.com\/fr\/wp-json\/wp\/v2\/media\/450467"}],"wp:attachment":[{"href":"https:\/\/www.europesays.com\/fr\/wp-json\/wp\/v2\/media?parent=450466"}],"wp:term":[{"taxonomy":"category","embeddable":true,"href":"https:\/\/www.europesays.com\/fr\/wp-json\/wp\/v2\/categories?post=450466"},{"taxonomy":"post_tag","embeddable":true,"href":"https:\/\/www.europesays.com\/fr\/wp-json\/wp\/v2\/tags?post=450466"}],"curies":[{"name":"wp","href":"https:\/\/api.w.org\/{rel}","templated":true}]}}