{"id":450468,"date":"2025-10-09T16:50:12","date_gmt":"2025-10-09T16:50:12","guid":{"rendered":"https:\/\/www.europesays.com\/fr\/450468\/"},"modified":"2025-10-09T16:50:12","modified_gmt":"2025-10-09T16:50:12","slug":"a-marseille-les-associations-se-mobilisent-ce-samedi","status":"publish","type":"post","link":"https:\/\/www.europesays.com\/fr\/450468\/","title":{"rendered":"\u00e0 Marseille, les associations se mobilisent ce samedi"},"content":{"rendered":"<p><a href=\"https:\/\/www.laprovence.com\/article\/politique\/1840855749805614\/subvention-a-sos-mediterranee-menacee-dannulation-la-mairie-de-marseille-va-rectifier-le-tir\" target=\"_blank\" rel=\"noopener\">SOS M\u00e9diterran\u00e9e<\/a>, <a href=\"https:\/\/www.laprovence.com\/article\/region\/5582437033224614\/a-aix-la-croix-rouge-suspend-son-activite-aux-milles-quarante-benevoles-restent-en-souffrance\" target=\"_blank\" rel=\"noopener\">la Croix-Rouge<\/a>, les <a href=\"https:\/\/www.laprovence.com\/article\/region\/1070648676794514\/marseille-a-la-savine-le-jardin-des-restos-du-coeur-produit-6-tonnes-de-legumes-et-emploie-12-salaries\" target=\"_blank\" rel=\"noopener\">Restos du c\u0153ur<\/a>, le Secours populaire\u2026 Ce samedi 11\u00a0octobre, ces <a href=\"https:\/\/www.laprovence.com\/article\/papier\/3558771\/associations-faites-vous-connaitre.html\" target=\"_blank\" rel=\"noopener\">associations <\/a>marseillaises se mobiliseront sous l\u2019ombri\u00e8re du Vieux-Port (2e) pour alerter sur leur vuln\u00e9rabilit\u00e9.\u00a0\u00ab\u00a0La vie des citoyens est rythm\u00e9e par la vie associative. \u00c7a repr\u00e9sente 10% de l\u2019emploi r\u00e9gional. On est tous concern\u00e9s par cette mobilisation\u00a0\u00bb, soutient Yannick Gallien, pr\u00e9sident du Mouvement associatif Sud Paca.<\/p>\n<p>\u00ab\u00a0La respiration associative c\u2019est la respiration de la soci\u00e9t\u00e9\u00a0\u00bb<\/p>\n<p>Alors que la r\u00e9gion compte 140\u00a0000 structures et 1\u00a0130\u00a0000\u00a0b\u00e9n\u00e9voles, la plupart d\u2019entre elles accusent depuis une quinzaine d\u2019ann\u00e9es une baisse d\u2019environ 41% de subventions dans leur budget global. Avec cette mobilisation, elles veulent alerter sur le manque de b\u00e9n\u00e9voles, leurs ressources limit\u00e9es, des dirigeants \u00e9puis\u00e9s\u2026<\/p>\n<p>\u00ab\u00a0L\u2019\u00c9tat veut tout privatiser mais \u00e7a ne fonctionne pas. La strat\u00e9gie des actionnaires ne fonctionne pas dans le social\u00a0\u00bb, d\u00e9nonce encore Yannick Gallien. L\u2019initiative est soutenue par la Cress Paca (Chambre r\u00e9gionale de l\u2019\u00e9conomie sociale et solidaire) qui invite ses partenaires \u00e0 rejoindre le mouvement. \u00ab\u00a0Nous devons faire ensemble\u00a0: il faut une strat\u00e9gie \u00e9conomique claire pour le monde associatif. Certaines structures sont indispensables. Si elles mettent la clef sous la porte, ce sont les citoyens qu\u2019on abandonne\u00a0\u00bb, pointe<a href=\"https:\/\/www.laprovence.com\/article\/economie\/2892927986924714\/denis-philippe-reconduit-a-la-presidence-de-la-chambre-regionale-de-leconomie-sociale-et-solidaire-paca\" target=\"_blank\" rel=\"noopener\"> Denis Philippe, pr\u00e9sident de la Cress Paca.<\/a><\/p>\n<p>\u00c0 Marseille, 25\u00a0000\u00a0associations maillent le territoire. Ces structures sportives, culturelles ou d\u2019aides humanitaires rythment la vie locale et aident les habitants. \u00ab\u00a0Elles sont d\u2019utilit\u00e9 publique. La respiration associative c\u2019est la respiration de la soci\u00e9t\u00e9\u00a0\u00bb, ajoute <a href=\"https:\/\/www.laprovence.com\/article\/edition-vaucluse\/3994531\/lenjeu-du-tourisme-social-et-solidaire.html\" target=\"_blank\" rel=\"noopener\">Yannick Gallien<\/a>. Les organisations demandent notamment le maintien du niveau des subventions, une meilleure visibilit\u00e9 sur les financements, une simplification des proc\u00e9dures administratives, une co-construction des politiques publiques. Ce samedi, elles donnent donc rendez-vous \u00e0 10h sous l\u2019ombri\u00e8re.<\/p>\n","protected":false},"excerpt":{"rendered":"SOS M\u00e9diterran\u00e9e, la Croix-Rouge, les Restos du c\u0153ur, le Secours populaire\u2026 Ce samedi 11\u00a0octobre, ces associations marseillaises se&hellip;\n","protected":false},"author":2,"featured_media":450469,"comment_status":"","ping_status":"","sticky":false,"template":"","format":"standard","meta":{"footnotes":""},"categories":[2814],"tags":[17,1111,11,26920,2511,23392,1777,674,1011,27,4743,884,12,882,25,14160,104],"class_list":{"0":"post-450468","1":"post","2":"type-post","3":"status-publish","4":"format-standard","5":"has-post-thumbnail","7":"category-marseille","8":"tag-17","9":"tag-actu","10":"tag-actualites","11":"tag-associative","12":"tag-cest","13":"tag-celle","14":"tag-eu","15":"tag-europe","16":"tag-fr","17":"tag-france","18":"tag-la","19":"tag-marseille","20":"tag-news","21":"tag-provence-alpes-cote-dazur","22":"tag-republique-francaise","23":"tag-respiration","24":"tag-societe"},"share_on_mastodon":{"url":"https:\/\/pubeurope.com\/@fr\/115345242469891474","error":""},"_links":{"self":[{"href":"https:\/\/www.europesays.com\/fr\/wp-json\/wp\/v2\/posts\/450468","targetHints":{"allow":["GET"]}}],"collection":[{"href":"https:\/\/www.europesays.com\/fr\/wp-json\/wp\/v2\/posts"}],"about":[{"href":"https:\/\/www.europesays.com\/fr\/wp-json\/wp\/v2\/types\/post"}],"author":[{"embeddable":true,"href":"https:\/\/www.europesays.com\/fr\/wp-json\/wp\/v2\/users\/2"}],"replies":[{"embeddable":true,"href":"https:\/\/www.europesays.com\/fr\/wp-json\/wp\/v2\/comments?post=450468"}],"version-history":[{"count":0,"href":"https:\/\/www.europesays.com\/fr\/wp-json\/wp\/v2\/posts\/450468\/revisions"}],"wp:featuredmedia":[{"embeddable":true,"href":"https:\/\/www.europesays.com\/fr\/wp-json\/wp\/v2\/media\/450469"}],"wp:attachment":[{"href":"https:\/\/www.europesays.com\/fr\/wp-json\/wp\/v2\/media?parent=450468"}],"wp:term":[{"taxonomy":"category","embeddable":true,"href":"https:\/\/www.europesays.com\/fr\/wp-json\/wp\/v2\/categories?post=450468"},{"taxonomy":"post_tag","embeddable":true,"href":"https:\/\/www.europesays.com\/fr\/wp-json\/wp\/v2\/tags?post=450468"}],"curies":[{"name":"wp","href":"https:\/\/api.w.org\/{rel}","templated":true}]}}