{"id":450472,"date":"2025-10-09T16:52:16","date_gmt":"2025-10-09T16:52:16","guid":{"rendered":"https:\/\/www.europesays.com\/fr\/450472\/"},"modified":"2025-10-09T16:52:16","modified_gmt":"2025-10-09T16:52:16","slug":"a-lyon-une-maison-de-la-diversite-dediee-aux-seniors-lgbti","status":"publish","type":"post","link":"https:\/\/www.europesays.com\/fr\/450472\/","title":{"rendered":"\u00c0 Lyon, une maison de la diversit\u00e9 d\u00e9di\u00e9e aux seniors LGBTI +"},"content":{"rendered":"<p class=\"paragraph text_align_left lp-f-body-02\">L\u2019inauguration de cette premi\u00e8re maison de la diversit\u00e9 ne pouvait pas mieux tomber : <a href=\"https:\/\/www.leparisien.fr\/politique\/direct-robert-badinter-au-pantheon-suivez-la-ceremonie-solennelle-09-10-2025-TRSI5QBLSVEY5DD3KWIRKADCNM.php\" target=\"_self\" rel=\"noopener\">le jour de la panth\u00e9onisation de l\u2019ancien ministre Robert Badinter<\/a>, l\u2019homme qui a, parmi tous ses grands combats politiques, obtenu la d\u00e9p\u00e9nalisation de l\u2019homosexualit\u00e9 en France.<\/p>\n<p class=\"paragraph text_align_left lp-f-body-02\">Pour ce moment symbolique, <a href=\"https:\/\/audacieusement.org\/\" target=\"_self\" rel=\"noopener\">l\u2019association Les Audacieuses &amp; Audacieux<\/a>, porteuse du projet, avait pr\u00e9vu deux rubans : l\u2019un tricolore, l\u2019autre aux couleurs du rainbow flag, symbole du mouvement LGBTI +. La r\u00e9sidence flambant neuve qui abrite quatorze logements de petites surfaces, r\u00e9serv\u00e9s \u00e0 des personnes de plus de 55 ans, et un appartement \u00e9tudiant afin de cr\u00e9er du lien interg\u00e9n\u00e9rationnel, suscite d\u00e9j\u00e0 la curiosit\u00e9 des habitants du quartier de la Croix-Rousse venus nombreux \u00e0 l\u2019inauguration, ce jeudi apr\u00e8s-midi.<\/p>\n<p>De nombreuses candidatures<\/p>\n<p class=\"paragraph text_align_left lp-f-body-02\">Car cette maison de la diversit\u00e9 est unique en France. Cuisine collective, buanderie, chambre d\u2019amis, jardin, tout ici est partag\u00e9. St\u00e9phane Sauv\u00e9, d\u00e9l\u00e9gu\u00e9 g\u00e9n\u00e9ral de l\u2019association Les Audacieuses &amp; Audacieux, travaille sur le projet depuis cinq ans. Il n\u2019a pas \u00e9t\u00e9 simple pour lui de choisir les locataires apr\u00e8s avoir re\u00e7u une pile de candidatures.<\/p>\n<p class=\"paragraph text_align_left lp-f-body-02\">\u00ab Ce qui diff\u00e9rencie les populations qui sont accueillies ici c\u2019est leur parcours de vie, explique-t-il. Quand on vous dit que vous avez \u00e9t\u00e9 d\u00e9viant, que vous n\u2019\u00eates pas la bonne place, il faut se r\u00e9inventer et pour certaines personnes ce n\u2019est pas \u00e9vident. <a href=\"https:\/\/www.dilcrah.gouv.fr\/ressources\/guide-la-sante-psychique-chez-les-lgbt\" target=\"_self\" rel=\"noopener\">La sant\u00e9 mentale de ce public est bien fragilis\u00e9e.<\/a> Il \u00e9tait urgent d\u2019agir. \u00bb<\/p>\n<p class=\"paragraph text_align_left lp-f-body-02\">Bonnet bleu, marini\u00e8re, accoud\u00e9 au balcon, Fran\u00e7ois (64 ans), r\u00eavait depuis longtemps d\u2019int\u00e9grer un habitat partag\u00e9 comme celui-ci. \u00ab Cela fait plus de huit ans que je cherche, confie-t-il. Ce qui m\u2019a frein\u00e9 c\u2019est de ne pas avoir d\u2019apport financier pour payer une quote-part souvent demand\u00e9e dans ce type de projet. J\u2019ai toujours \u00e9t\u00e9 smicard, je n\u2019avais pas l\u2019argent (entre 25 et 30 000 euros). \u00bb<\/p>\n<p>\u00ab Il faut maintenant que l\u2019on apprenne \u00e0 s\u2019appr\u00e9cier \u00bb<\/p>\n<p class=\"paragraph text_align_left lp-f-body-02\">Install\u00e9 depuis pr\u00e8s d\u2019une semaine, encore dans les cartons, le sexag\u00e9naire est ravi. \u00ab Je suis ravi de trouver un groupe. Il faut maintenant que l\u2019on apprenne \u00e0 s\u2019appr\u00e9cier les uns avec les autres, et dans nos diff\u00e9rences aussi. \u00bb<\/p>\n<p class=\"paragraph text_align_left lp-f-body-02\">Fran\u00e7ois est rassur\u00e9 de vivre dans cette r\u00e9sidence parfaitement s\u00e9curis\u00e9e, situ\u00e9e au c\u0153ur du quartier de la Croix-Rousse. \u00ab \u00catre dans un lieu safe, o\u00f9 on ne va pas avoir des remarques sur notre genre, notre sexualit\u00e9, ni sur qui vient nous visiter, c\u2019est quand m\u00eame tr\u00e8s important. \u00bb<\/p>\n<p class=\"paragraph text_align_left lp-f-body-02\">Chaque locataire, pour int\u00e9grer l\u2019immeuble, a pris l\u2019engagement de participer au projet de vie sociale d\u00e9fini : repas partag\u00e9s, r\u00e9unions communes, activit\u00e9s collectives, \u00e9coute, partage, bienveillance, etc.<\/p>\n<p class=\"paragraph text_align_left lp-f-body-02\">\u00ab Chacun va pouvoir raconter ses histoires de vie dans un cocon o\u00f9 le sujet de la solitude ne l\u2019est plus, o\u00f9 le sujet de l\u2019orientation sexuelle ne l\u2019est plus \u00bb se f\u00e9licite St\u00e9phane Sauv\u00e9.<\/p>\n<p class=\"paragraph text_align_left lp-f-body-02\">L\u2019op\u00e9ration immobili\u00e8re a n\u00e9cessit\u00e9 un investissement de 3,3 millions d\u2019euros financ\u00e9s par des pr\u00eats immobiliers (Banque des Territoires), le soutien financier de Croix-Rousse Habitat, la m\u00e9tropole et la ville de Lyon, et de nombreux partenaires priv\u00e9s. D\u2019autres maisons de la diversit\u00e9 devraient voir le jour en France dans les prochaines ann\u00e9es, dont un projet tr\u00e8s avanc\u00e9 \u00e0 Strasbourg.<\/p>\n","protected":false},"excerpt":{"rendered":"L\u2019inauguration de cette premi\u00e8re maison de la diversit\u00e9 ne pouvait pas mieux tomber : le jour de la&hellip;\n","protected":false},"author":2,"featured_media":450473,"comment_status":"","ping_status":"","sticky":false,"template":"","format":"standard","meta":{"footnotes":""},"categories":[1889],"tags":[1111,11,2430,459,1777,674,1011,27,2428,12,25,11244,104],"class_list":{"0":"post-450472","1":"post","2":"type-post","3":"status-publish","4":"format-standard","5":"has-post-thumbnail","7":"category-lyon","8":"tag-actu","9":"tag-actualites","10":"tag-auvergne-rhone-alpes","11":"tag-departements-horsidfo","12":"tag-eu","13":"tag-europe","14":"tag-fr","15":"tag-france","16":"tag-lyon","17":"tag-news","18":"tag-republique-francaise","19":"tag-rhone-69","20":"tag-societe"},"share_on_mastodon":{"url":"https:\/\/pubeurope.com\/@fr\/115345250414505661","error":""},"_links":{"self":[{"href":"https:\/\/www.europesays.com\/fr\/wp-json\/wp\/v2\/posts\/450472","targetHints":{"allow":["GET"]}}],"collection":[{"href":"https:\/\/www.europesays.com\/fr\/wp-json\/wp\/v2\/posts"}],"about":[{"href":"https:\/\/www.europesays.com\/fr\/wp-json\/wp\/v2\/types\/post"}],"author":[{"embeddable":true,"href":"https:\/\/www.europesays.com\/fr\/wp-json\/wp\/v2\/users\/2"}],"replies":[{"embeddable":true,"href":"https:\/\/www.europesays.com\/fr\/wp-json\/wp\/v2\/comments?post=450472"}],"version-history":[{"count":0,"href":"https:\/\/www.europesays.com\/fr\/wp-json\/wp\/v2\/posts\/450472\/revisions"}],"wp:featuredmedia":[{"embeddable":true,"href":"https:\/\/www.europesays.com\/fr\/wp-json\/wp\/v2\/media\/450473"}],"wp:attachment":[{"href":"https:\/\/www.europesays.com\/fr\/wp-json\/wp\/v2\/media?parent=450472"}],"wp:term":[{"taxonomy":"category","embeddable":true,"href":"https:\/\/www.europesays.com\/fr\/wp-json\/wp\/v2\/categories?post=450472"},{"taxonomy":"post_tag","embeddable":true,"href":"https:\/\/www.europesays.com\/fr\/wp-json\/wp\/v2\/tags?post=450472"}],"curies":[{"name":"wp","href":"https:\/\/api.w.org\/{rel}","templated":true}]}}