{"id":450474,"date":"2025-10-09T16:53:29","date_gmt":"2025-10-09T16:53:29","guid":{"rendered":"https:\/\/www.europesays.com\/fr\/450474\/"},"modified":"2025-10-09T16:53:29","modified_gmt":"2025-10-09T16:53:29","slug":"lyon-braderie-festival-les-commerces-occupent-la-presquile-ce-week-end","status":"publish","type":"post","link":"https:\/\/www.europesays.com\/fr\/450474\/","title":{"rendered":"Lyon Braderie festival : les commerces occupent la presqu\u2019\u00eele ce week-end"},"content":{"rendered":"<p><img loading=\"lazy\" decoding=\"async\" alt=\"\u00a9 My Presqu'\u00eele - Ce week-end, les rues de la Presqu'\u00eele seront investies par les commerces \u00e0 l'occasion du Lyon Braderie festival.\" data-zoom-src=\"https:\/\/www.europesays.com\/fr\/wp-content\/uploads\/2025\/10\/initial-lyon-braderie-festival-2025-credit-my-presqu-ile.jpg\" data-zoomable=\"\" height=\"702\" src=\"https:\/\/www.europesays.com\/fr\/wp-content\/uploads\/2025\/10\/initial-lyon-braderie-festival-2025-credit-my-presqu-ile.jpg\" width=\"1248\"\/>  <\/p>\n<p class=\"article-desc\">\u00a9 My Presqu&rsquo;\u00eele &#8211; Ce week-end, les rues de la Presqu&rsquo;\u00eele seront investies par les commerces \u00e0 l&rsquo;occasion du Lyon Braderie festival. <\/p>\n<p>Un centre-ville pi\u00e9ton, des portants sur les trottoirs, des r\u00e9ductions et des activit\u00e9s : ce vendredi 10, samedi 11 et dimanche 12 octobre, une <strong>braderie g\u00e9ante<\/strong> investit les rues de la presqu\u2019\u00eele lyonnaise, des pentes de la <strong>Croix-Rousse<\/strong> au quartier de la <strong>Confluence<\/strong>. L&rsquo;\u00e9v\u00e9nement attend <strong>30 000 visiteurs chaque jour<\/strong>.\u00a0 <\/p>\n<p>\u00c0 l&rsquo;initiative de <strong>My Presqu\u2019\u00eele<\/strong>, le <strong>Lyon Braderie festival<\/strong> est \u00ab\u00a0l\u2019occasion pour les commer\u00e7ants d\u2019occuper l\u2019espace public et de s\u2019approprier la rue pour liquider leurs stocks et faire conna\u00eetre leur travail\u00a0\u00bb selon <strong>Johanna Benedetti<\/strong>, <a href=\"https:\/\/mesinfos.fr\/69000-lyon\/lyon-johanna-benedetti-nouvelle-presidente-de-my-presquile-196525.html\" rel=\"nofollow noopener\" target=\"_blank\">pr\u00e9sidente de l&rsquo;association depuis un an et demi<\/a>.\u00a0 <\/p>\n<p>D\u00e9stockage, street-food, open air&#8230; quel programme pour le Lyon Braderie festival ? <\/p>\n<p>Lors de cette immense braderie qui occupe le centre-ville ce week-end, de nombreux commerces proposent des <strong>nouveaux produits <\/strong>ou des<strong> remises exceptionnelles<\/strong>.<\/p>\n<p> <img decoding=\"async\" alt=\"\" class=\"img-align-center img-size-limited\" data-zoomable=\"\" height=\"2598\" loading=\"lazy\" src=\"https:\/\/www.europesays.com\/fr\/wp-content\/uploads\/2025\/10\/lyon-braderie-festival-2025-carte-at-mypresquile.jpg\" width=\"1866\"\/> \u00a9 My Presqu&rsquo;\u00eele &#8211; Le Lyon Braderie festival s&rsquo;\u00e9tale dans tout le centre-ville lyonnais ce week-end. <\/p>\n<p>Pour St\u00e9phanie Tissot de l\u2019atelier-boutique de c\u00e9ramique <strong>Obstin\u00e9e<\/strong>, c\u2019est l\u2019occasion de lib\u00e9rer de l\u2019espace dans son magasin : \u00ab\u00a0La braderie me permet de vendre les prototypes ou les pi\u00e8ces qui ont des d\u00e9fauts\u00a0\u00bb. Du c\u00f4t\u00e9 de la pr\u00e9sidente de My Presqu\u2019\u00eele qui d\u00e9tient le magasin<strong> Les Poup\u00e9es<\/strong>, des produits sont con\u00e7us sp\u00e9cifiquement pour le festival. Elle revalorise ses chutes pour en faire des chouchous, des <strong>pochettes<\/strong> et autres petits accessoires.\u00a0<\/p>\n<p>Les restaurateurs aussi jouent le jeu, <strong>17 chefs lyonnais <\/strong>proposent de la <strong>street-food<\/strong> sur la <strong>rue de la R\u00e9publique.<\/strong>\u00a0\u00ab\u00a0Ils se challengent vraiment car ce n\u2019est pas dans leurs habitudes\u00a0\u00bb, d\u2019apr\u00e8s Johanna Benedetti. Elle ajoute que \u00ab\u00a0l&rsquo;\u00e9v\u00e9nement est non seulement commer\u00e7ant mais aussi culturel\u00a0\u00bb. En effet, diff\u00e9rentes animations sont pr\u00e9vues comme sur la <strong>place Sathonay<\/strong> o\u00f9 se tiendront <strong>guiguettes, blind test et DJ set<\/strong> jusqu\u2019\u00e0 22h.<\/p>\n<p> March\u00e9 de Confluence : le centre commercial participe au Lyon Braderie festival <\/p>\n<p>Cette ann\u00e9e, la braderie s\u2019\u00e9tale jusqu\u2019au sud de la Presqu\u2019\u00eele. Le <strong>p\u00f4le de commerces et de loisirs Confluence<\/strong>, en partenariat avec My Presqu\u2019\u00eele, sera exceptionnellement ouvert tout le week-end. Vide-greniers, vide-dressings, friperies et concept stores vintage, le centre commercial s\u2019engage pour faire vivre la <strong>seconde main<\/strong>. <\/p>\n<p>Une<strong> animation sportive<\/strong> est \u00e9galement pr\u00e9vue. Trois lots sont \u00e0 gagner sur un \u00ab\u00a0mini-parcours sportif\u00a0\u00bb qui combine \u00ab\u00a0course \u00e0 pied et exercices de crossfit\u00a0\u00bb. <\/p>\n<p>Infos pratiques\u00a0 <\/p>\n<ul>\n<li>March\u00e9 de Confluence : vendredi 10 et samedi 11 octobre de 10h \u00e0 20h et dimanche 12 octobre de 11h \u00e0 19h. <\/li>\n<li>Open air de Sathonay : samedi 10 octobre de 11h \u00e0 22h (gratuit). <\/li>\n<li>Food court R\u00e9publique : service en continu de 11h \u00e0 21h (18h le dimanche).<\/li>\n<\/ul>\n<p>Programme complet sur le <a href=\"https:\/\/www.lyon.fr\/evenement\/festival\/lyon-braderie-festival-2025\" rel=\"noopener nofollow\" target=\"_blank\">site de la ville de Lyon<\/a>.<\/p>\n","protected":false},"excerpt":{"rendered":"\u00a9 My Presqu&rsquo;\u00eele &#8211; Ce week-end, les rues de la Presqu&rsquo;\u00eele seront investies par les commerces \u00e0 l&rsquo;occasion&hellip;\n","protected":false},"author":2,"featured_media":450475,"comment_status":"","ping_status":"","sticky":false,"template":"","format":"standard","meta":{"footnotes":""},"categories":[1889],"tags":[1111,11,2430,17804,7227,1777,674,1011,27,11431,2428,12,25,3336],"class_list":{"0":"post-450474","1":"post","2":"type-post","3":"status-publish","4":"format-standard","5":"has-post-thumbnail","7":"category-lyon","8":"tag-actu","9":"tag-actualites","10":"tag-auvergne-rhone-alpes","11":"tag-braderie","12":"tag-commerces","13":"tag-eu","14":"tag-europe","15":"tag-fr","16":"tag-france","17":"tag-idu00e9es-de-sorties","18":"tag-lyon","19":"tag-news","20":"tag-republique-francaise","21":"tag-sortir-u00e0-lyon"},"share_on_mastodon":{"url":"https:\/\/pubeurope.com\/@fr\/115345255220582560","error":""},"_links":{"self":[{"href":"https:\/\/www.europesays.com\/fr\/wp-json\/wp\/v2\/posts\/450474","targetHints":{"allow":["GET"]}}],"collection":[{"href":"https:\/\/www.europesays.com\/fr\/wp-json\/wp\/v2\/posts"}],"about":[{"href":"https:\/\/www.europesays.com\/fr\/wp-json\/wp\/v2\/types\/post"}],"author":[{"embeddable":true,"href":"https:\/\/www.europesays.com\/fr\/wp-json\/wp\/v2\/users\/2"}],"replies":[{"embeddable":true,"href":"https:\/\/www.europesays.com\/fr\/wp-json\/wp\/v2\/comments?post=450474"}],"version-history":[{"count":0,"href":"https:\/\/www.europesays.com\/fr\/wp-json\/wp\/v2\/posts\/450474\/revisions"}],"wp:featuredmedia":[{"embeddable":true,"href":"https:\/\/www.europesays.com\/fr\/wp-json\/wp\/v2\/media\/450475"}],"wp:attachment":[{"href":"https:\/\/www.europesays.com\/fr\/wp-json\/wp\/v2\/media?parent=450474"}],"wp:term":[{"taxonomy":"category","embeddable":true,"href":"https:\/\/www.europesays.com\/fr\/wp-json\/wp\/v2\/categories?post=450474"},{"taxonomy":"post_tag","embeddable":true,"href":"https:\/\/www.europesays.com\/fr\/wp-json\/wp\/v2\/tags?post=450474"}],"curies":[{"name":"wp","href":"https:\/\/api.w.org\/{rel}","templated":true}]}}