{"id":450480,"date":"2025-10-09T16:56:16","date_gmt":"2025-10-09T16:56:16","guid":{"rendered":"https:\/\/www.europesays.com\/fr\/450480\/"},"modified":"2025-10-09T16:56:16","modified_gmt":"2025-10-09T16:56:16","slug":"loeuvre-de-pascal-dusapin-portee-en-triomphe-par-le-public","status":"publish","type":"post","link":"https:\/\/www.europesays.com\/fr\/450480\/","title":{"rendered":"l&rsquo;\u0153uvre de Pascal Dusapin port\u00e9e en triomphe par le public"},"content":{"rendered":"\n<p class=\"c-chapo \">\n  \u00ab\u00a0Antigone\u00a0\u00bb, dans la mise en sc\u00e8ne de Netia Jones et avec Christel Loetzsch dans le r\u00f4le-titre, a enflamm\u00e9 la Philharmonie de Paris.\n<\/p>\n<p>      lire plus tard<\/p>\n<p id=\"dialog__title\" class=\"dialog__title\">Pour sauvegarder cet article, connectez-vous ou cr\u00e9ez un compte franceinfo<\/p>\n<p class=\"dialog__description\">Sans paiement. Sans abonnement.<\/p>\n<p>        Fermer la fen\u00eatre d\u2019activation des notifications France Info<\/p>\n<p>      cr\u00e9er votre compte<\/p>\n<p>      se connecter<\/p>\n<p>        Fermer la fen\u00eatre de pr\u00e9sentation<\/p>\n<p>    <img decoding=\"async\" class=\"signature__image\" width=\"44\" height=\"44\"  alt=\"\" src=\"https:\/\/www.franceinfo.fr\/assets\/common\/images\/galaxie-icons\/avatar-e7320e16.svg\" fetchpriority=\"high\"\/><\/p>\n<p>          France T\u00e9l\u00e9visions &#8211; R\u00e9daction Culture<\/p>\n<p>    Publi\u00e9 le 09\/10\/2025 17:42<\/p>\n<p>        Temps de lecture : 3min<\/p>\n<p>    <img decoding=\"async\"  alt=\"Sc\u00e8ne d'&quot;Antigone&quot; \u00e0 la Philharmonie de Paris, le 6\u00a0octobre\u00a02025. (CORDULA TREML)\" width=\"432\" height=\"243\" src=\"https:\/\/www.europesays.com\/fr\/wp-content\/uploads\/2025\/10\/dsc-1190-copie-68e77aa9ecb26805372353.jpg\" fetchpriority=\"high\"\/><\/p>\n<p>      Sc\u00e8ne d'\u00a0\u00bbAntigone\u00a0\u00bb \u00e0 la Philharmonie de Paris, le 6\u00a0octobre\u00a02025. (CORDULA TREML)<\/p>\n<p>De longues minutes d&rsquo;ovations pour saluer les artistes et les musiciens de l&rsquo;Orchestre de Paris\u00a0: l&rsquo;op\u00e9ratorio Antigone est port\u00e9 en triomphe par le public. Pour sa premi\u00e8re mondiale \u00e0 la <a href=\"https:\/\/philharmoniedeparis.fr\/fr\/activite\/spectacle\/28204-pascal-dusapin-antigone\" target=\"_blank\" rel=\"noopener nofollow\">Philharmonie de Paris<\/a>, du 7 au 9\u00a0octobre, l&rsquo;\u0153uvre de <a href=\"https:\/\/www.franceinfo.fr\/culture\/spectacles\/opera-garnier\/il-viaggio-dante-au-palais-garnier-l-extraordinaire-voyage-interieur-d-un-homme-en-quete-de-redemption_7156947.html\" rel=\"nofollow noopener\" target=\"_blank\">Pascal Dusapin<\/a>, d&rsquo;apr\u00e8s la trag\u00e9die de Sophocle, mise en sc\u00e8ne par Netia Jones, d\u00e9clenche un grand enthousiasme.<\/p>\n<p>Port\u00e9e par une excellente distribution, notamment Christel Loetzsch dans le r\u00f4le-titre et Tomas Tomasson dans celui de Cr\u00e9on, Antigone brille par son efficacit\u00e9.<\/p>\n<p>    <img loading=\"lazy\" decoding=\"async\" class=\"cms-media-image lazyload\" alt=\"Sc\u00e8ne d'&quot;Antigone&quot; \u00e0 la Philharmonie de Paris, le 6\u00a0octobre\u00a02025. (CORDULA TREML)\" width=\"720\" height=\"480\" data- src=\"https:\/\/www.europesays.com\/fr\/wp-content\/uploads\/2025\/10\/dsc-1580-copie-68e77b6e2bf26055727290.jpg\"\/><\/p>\n<p>      Sc\u00e8ne d'\u00a0\u00bbAntigone\u00a0\u00bb \u00e0 la Philharmonie de Paris, le 6\u00a0octobre\u00a02025. (CORDULA TREML)<\/p>\n<p>Avec six colonnes monumentales et un dispositif vid\u00e9o pour seul d\u00e9cor, les artistes se meuvent sur un vaste plateau, rappelant le th\u00e9\u00e2tre grec. Netia Jones choisit l&rsquo;\u00e9pure, allant \u00e0 l&rsquo;essentiel. \u00ab\u00a0Je voulais de la simplicit\u00e9 pour mettre en valeur les chanteurs et l&rsquo;orchestre. Je me suis inspir\u00e9e du th\u00e9\u00e2tre grec\u00a0\u00bb, confie-t-elle.<\/p>\n<p>Derri\u00e8re la soixantaine de musiciens, les chanteurs tout de noir v\u00eatus \u00e9voluent dans un espace blanc. Le jeune compositeur nanc\u00e9ien de 70\u00a0ans est pr\u00e9sent dans le public.<\/p>\n<p>\u00ab\u00a0S&rsquo;il y a quelque chose de plus moderne qu&rsquo;Antigone, qu&rsquo;on me le montre\u00a0\u00bb, tranche Pascal Dusapin lors de la conf\u00e9rence de pr\u00e9sentation de son \u0153uvre devant un public nombreux, acquis \u00e0 sa cause. Apr\u00e8s M\u00e9d\u00e9e et \u00e0 Penth\u00e9sil\u00e9e, le compositeur poursuit son exploration des grandes figures f\u00e9minines de la mythologie avec Antigone.<\/p>\n<p><a href=\"https:\/\/www.franceinfo.fr\/culture\/musique\/opera\/premiere-reportee-regardez-macbeth-underworld-le-tres-bel-opera-de-pascal-dusapin-sur-le-site-de-l-opera-comique_3885617.html\" rel=\"nofollow noopener\" target=\"_blank\">Pascal Dusapin<\/a>, fascin\u00e9 par ce personnage ambigu, explore le th\u00e8me de la loi. \u00ab\u00a0C&rsquo;est une m\u00e9ditation sur le monde qui nous entoure. Antigone n&rsquo;est pas si sympathique que \u00e7a. Elle peut \u00eatre <a href=\"https:\/\/www.franceinfo.fr\/monde\/russie\/alexei-navalny\/la-veuve-de-l-opposant-russe-alexei-navalny-mort-en-prison-en-2024-affirme-qu-il-a-ete-empoisonne-et-met-en-cause-vladimir-poutine_7497346.html\" rel=\"nofollow noopener\" target=\"_blank\">Alexe\u00ef Navalny<\/a> ou un m\u00e9chant jihadiste\u00a0\u00bb, analyse-t-il. Compositeur de la musique, mais aussi du livret, Pascal Dusapin s&rsquo;appuie sur la version classique de Sophocle telle qu&rsquo;elle fut traduite, en allemand, par Friedrich Holderlin. Le romantisme allemand impr\u00e8gne l&rsquo;ensemble de la composition musicale et du jeu.<\/p>\n<p>    <img loading=\"lazy\" decoding=\"async\" class=\"cms-media-image lazyload\" alt=\"Christel Loetzsch dans le r\u00f4le d'Antigone \u00e0 la Philharmonie de Paris, le 6\u00a0octobre\u00a02025. (CORDULA TREML)\" width=\"720\" height=\"480\" data- src=\"https:\/\/www.europesays.com\/fr\/wp-content\/uploads\/2025\/10\/dsc-1300-copie-68e77c53795eb120242368.jpg\"\/><\/p>\n<p>      Christel Loetzsch dans le r\u00f4le d&rsquo;Antigone \u00e0 la Philharmonie de Paris, le 6\u00a0octobre\u00a02025. (CORDULA TREML)<\/p>\n<p>Antigone est une confrontation de deux radicalit\u00e9s\u00a0: celle de Cr\u00e9on, despote hant\u00e9 par le pouvoir, et Antigone, qui place la morale au-dessus de la loi. Le refus de Cr\u00e9on de donner une s\u00e9pulture \u00e0 Polynice, fr\u00e8re d&rsquo;Antigone, d\u00e9clenche une s\u00e9rie d&rsquo;\u00e9v\u00e9nements dramatiques. \u00c0 la fois politique, sociale et intime, l&rsquo;\u0153uvre interroge aussi le rapport entre le sacr\u00e9 et le profane.<\/p>\n<p>La mezzo-soprano Christel Loetzsch, qui a d\u00e9j\u00e0 travaill\u00e9 \u00e0 quatre reprises avec Pascal Dusapin, est impressionnante de justesse et de pr\u00e9sence dans le r\u00f4le d&rsquo;Antigone, comme chanteuse et actrice. Elle est cette femme absolue qui accepte la mort au nom de ses principes moraux. Autre personnage principal\u00a0: l&rsquo;Orchestre de Paris, dirig\u00e9 par la baguette \u00e9nergique de Klaus Makela, qui a aussi jou\u00e9 le r\u00f4le des ch\u0153urs avec beaucoup de bonheur. Antigone, un op\u00e9ratorio bouleversant.<\/p>\n","protected":false},"excerpt":{"rendered":"\u00ab\u00a0Antigone\u00a0\u00bb, dans la mise en sc\u00e8ne de Netia Jones et avec Christel Loetzsch dans le r\u00f4le-titre, a enflamm\u00e9&hellip;\n","protected":false},"author":2,"featured_media":450481,"comment_status":"","ping_status":"","sticky":false,"template":"","format":"standard","meta":{"footnotes":""},"categories":[1888],"tags":[1111,1928,11,1927,1777,674,1011,27,12,1926,626,1925,25],"class_list":{"0":"post-450480","1":"post","2":"type-post","3":"status-publish","4":"format-standard","5":"has-post-thumbnail","7":"category-paris","8":"tag-actu","9":"tag-actu-paris","10":"tag-actualites","11":"tag-actualites-paris","12":"tag-eu","13":"tag-europe","14":"tag-fr","15":"tag-france","16":"tag-news","17":"tag-news-paris","18":"tag-paris","19":"tag-paris-news","20":"tag-republique-francaise"},"share_on_mastodon":{"url":"https:\/\/pubeurope.com\/@fr\/115345266856002884","error":""},"_links":{"self":[{"href":"https:\/\/www.europesays.com\/fr\/wp-json\/wp\/v2\/posts\/450480","targetHints":{"allow":["GET"]}}],"collection":[{"href":"https:\/\/www.europesays.com\/fr\/wp-json\/wp\/v2\/posts"}],"about":[{"href":"https:\/\/www.europesays.com\/fr\/wp-json\/wp\/v2\/types\/post"}],"author":[{"embeddable":true,"href":"https:\/\/www.europesays.com\/fr\/wp-json\/wp\/v2\/users\/2"}],"replies":[{"embeddable":true,"href":"https:\/\/www.europesays.com\/fr\/wp-json\/wp\/v2\/comments?post=450480"}],"version-history":[{"count":0,"href":"https:\/\/www.europesays.com\/fr\/wp-json\/wp\/v2\/posts\/450480\/revisions"}],"wp:featuredmedia":[{"embeddable":true,"href":"https:\/\/www.europesays.com\/fr\/wp-json\/wp\/v2\/media\/450481"}],"wp:attachment":[{"href":"https:\/\/www.europesays.com\/fr\/wp-json\/wp\/v2\/media?parent=450480"}],"wp:term":[{"taxonomy":"category","embeddable":true,"href":"https:\/\/www.europesays.com\/fr\/wp-json\/wp\/v2\/categories?post=450480"},{"taxonomy":"post_tag","embeddable":true,"href":"https:\/\/www.europesays.com\/fr\/wp-json\/wp\/v2\/tags?post=450480"}],"curies":[{"name":"wp","href":"https:\/\/api.w.org\/{rel}","templated":true}]}}