{"id":450494,"date":"2025-10-09T17:04:26","date_gmt":"2025-10-09T17:04:26","guid":{"rendered":"https:\/\/www.europesays.com\/fr\/450494\/"},"modified":"2025-10-09T17:04:26","modified_gmt":"2025-10-09T17:04:26","slug":"le-chancelier-allemand-salue-laccord-de-cessez-le-feu-entre-israel-et-le-hamas-comme-encourageant","status":"publish","type":"post","link":"https:\/\/www.europesays.com\/fr\/450494\/","title":{"rendered":"Le chancelier allemand salue l\u2019accord de cessez-le-feu entre Isra\u00ebl et le Hamas comme \u00ab\u202fencourageant\u202f\u00bb"},"content":{"rendered":"<p>AA \/ Gen\u00e8ve \/ Beyza Binnur Donmez<\/p>\n<p>Le chancelier allemand, Friedrich Merz, a salu\u00e9 jeudi l\u2019accord portant sur la premi\u00e8re phase d\u2019un cessez-le-feu entre Isra\u00ebl et le groupe palestinien Hamas, qualifiant ces premiers pas \u00ab\u202fd\u2019encourageants\u202f\u00bb.<\/p>\n<p>\u00ab\u202fIls offrent un nouvel espoir \u2013 pour les otages et leurs familles, pour la population de Gaza et pour l\u2019ensemble de la r\u00e9gion\u202f\u00bb, a d\u00e9clar\u00e9 Merz dans un message publi\u00e9 sur le r\u00e9seau social am\u00e9ricain X.<\/p>\n<p>\u00ab\u202fPour la premi\u00e8re fois depuis longtemps, il existe une r\u00e9elle perspective de paix dans la r\u00e9gion\u202f\u00bb, a-t-il soulign\u00e9.<\/p>\n<p>Exhortant toutes les parties \u00e0 tenir leurs promesses, \u00e0 mettre fin \u00e0 la guerre et \u00e0 ouvrir la voie \u00e0 une paix durable, le chancelier a d\u00e9clar\u00e9 que l\u2019Allemagne continuerait \u00e0 \u00ab\u202fsoutenir fermement\u202f\u00bb ce processus.<\/p>\n<p>Ses d\u00e9clarations interviennent apr\u00e8s l\u2019annonce par le pr\u00e9sident am\u00e9ricain Donald Trump qu\u2019Isra\u00ebl et le Hamas avaient approuv\u00e9 la premi\u00e8re phase d\u2019un accord sur Gaza propos\u00e9 par les \u00c9tats-Unis.<\/p>\n<p>Le plan en 20 points, pr\u00e9sent\u00e9 pour la premi\u00e8re fois le 29 septembre, pr\u00e9voit la lib\u00e9ration de tous les captifs isra\u00e9liens en \u00e9change de prisonniers palestiniens, un cessez-le-feu, le d\u00e9sarmement du Hamas et la reconstruction de Gaza.<\/p>\n<p>Depuis octobre 2023, les attaques isra\u00e9liennes ont fait pr\u00e8s de 67\u202f200 morts parmi les Palestiniens de l\u2019enclave, dont la majorit\u00e9 sont des femmes et des enfants.<\/p>\n<p>Les bombardements incessants ont rendu Gaza en grande partie inhabitable, entra\u00eenant une famine g\u00e9n\u00e9ralis\u00e9e et la propagation de maladies.<\/p>\n<p>*Traduit de l&rsquo;anglais par Ben Amed Azize Zougmore<\/p>\n<p>                            &#13;<br \/>\n                                <a href=\"https:\/\/www.aa.com.tr\/fr\/p\/abonnement\/1001\" target=\"_blank\" style=\"font-size:12px; color:#444; text-decoration:none;\" rel=\"noopener\">&#13;<br \/>\n                                    Seulement une partie des d\u00e9p\u00eaches, que l&rsquo;Agence Anadolu diffuse \u00e0 ses abonn\u00e9s via le Syst\u00e8me de Diffusion interne (HAS), est diffus\u00e9e sur le site de l&rsquo;AA, de mani\u00e8re r\u00e9sum\u00e9e. <b style=\"color:#1897F7\">Contactez-nous s&rsquo;il vous pla\u00eet pour vous abonner.<\/b>&#13;<br \/>\n                                <\/a>&#13;<\/p>\n","protected":false},"excerpt":{"rendered":"AA \/ Gen\u00e8ve \/ Beyza Binnur Donmez Le chancelier allemand, Friedrich Merz, a salu\u00e9 jeudi l\u2019accord portant sur&hellip;\n","protected":false},"author":2,"featured_media":450495,"comment_status":"","ping_status":"","sticky":false,"template":"","format":"standard","meta":{"footnotes":""},"categories":[1587],"tags":[11,672,1785,1804,221,1805,1803,1777,674,4710,665,1801,3819,12,1802],"class_list":{"0":"post-450494","1":"post","2":"type-post","3":"status-publish","4":"format-standard","5":"has-post-thumbnail","7":"category-allemagne","8":"tag-actualites","9":"tag-allemagne","10":"tag-anadolu-ajansi","11":"tag-bundesrepublik-deutschland","12":"tag-cessez-le-feu","13":"tag-de","14":"tag-deutschland","15":"tag-eu","16":"tag-europe","17":"tag-friedrich-merz","18":"tag-gaza","19":"tag-germany","20":"tag-isral","21":"tag-news","22":"tag-republique-federale-dallemagne"},"share_on_mastodon":{"url":"https:\/\/pubeurope.com\/@fr\/115345297739709196","error":""},"_links":{"self":[{"href":"https:\/\/www.europesays.com\/fr\/wp-json\/wp\/v2\/posts\/450494","targetHints":{"allow":["GET"]}}],"collection":[{"href":"https:\/\/www.europesays.com\/fr\/wp-json\/wp\/v2\/posts"}],"about":[{"href":"https:\/\/www.europesays.com\/fr\/wp-json\/wp\/v2\/types\/post"}],"author":[{"embeddable":true,"href":"https:\/\/www.europesays.com\/fr\/wp-json\/wp\/v2\/users\/2"}],"replies":[{"embeddable":true,"href":"https:\/\/www.europesays.com\/fr\/wp-json\/wp\/v2\/comments?post=450494"}],"version-history":[{"count":0,"href":"https:\/\/www.europesays.com\/fr\/wp-json\/wp\/v2\/posts\/450494\/revisions"}],"wp:featuredmedia":[{"embeddable":true,"href":"https:\/\/www.europesays.com\/fr\/wp-json\/wp\/v2\/media\/450495"}],"wp:attachment":[{"href":"https:\/\/www.europesays.com\/fr\/wp-json\/wp\/v2\/media?parent=450494"}],"wp:term":[{"taxonomy":"category","embeddable":true,"href":"https:\/\/www.europesays.com\/fr\/wp-json\/wp\/v2\/categories?post=450494"},{"taxonomy":"post_tag","embeddable":true,"href":"https:\/\/www.europesays.com\/fr\/wp-json\/wp\/v2\/tags?post=450494"}],"curies":[{"name":"wp","href":"https:\/\/api.w.org\/{rel}","templated":true}]}}