{"id":450498,"date":"2025-10-09T17:06:13","date_gmt":"2025-10-09T17:06:13","guid":{"rendered":"https:\/\/www.europesays.com\/fr\/450498\/"},"modified":"2025-10-09T17:06:13","modified_gmt":"2025-10-09T17:06:13","slug":"budget-de-lue-dette-record-de-900-milliards-e-en-2027-et-erreurs-persistantes","status":"publish","type":"post","link":"https:\/\/www.europesays.com\/fr\/450498\/","title":{"rendered":"Budget de l&rsquo;UE : dette record de 900 milliards \u20ac en 2027 et erreurs persistantes"},"content":{"rendered":"<p class=\"Paragraph_paragraph__lerxh Paragraph_paragraph--default-lg-default__J4S_J articleParagraph\">D&rsquo;ici \u00e0 2027, la dette de l\u2019UE pourrait d\u00e9passer les 900 milliards d\u2019euros, s\u2019inqui\u00e8te la Cour des comptes europ\u00e9enne dans son rapport annuel sur le budget de l\u2019UE pr\u00e9sent\u00e9 mercredi. Un montant pr\u00e8s de dix fois sup\u00e9rieur \u00e0 celui de 2020, avant le lancement du plan de relance post-pand\u00e9mie NextGenerationEU.<\/p>\n<p><a href=\"https:\/\/www.virgule.lu\/europe\/l-ue-propose-une-hausse-du-budget-rejet-immediat-de-berlin\/78364500.html\" class=\"RelatedTeaser_related-teaser__8O980 RelatedTeaser_related-teaser--image__SKCSe read-more_withImage__1YJa_\" data-article-id=\"78364500\" rel=\"nofollow noopener\" target=\"_blank\"><\/p>\n<p>Lire aussi :L\u2019UE propose une hausse du budget, rejet imm\u00e9diat de Berlin<\/p>\n<p><\/a><\/p>\n<p class=\"Paragraph_paragraph__lerxh Paragraph_paragraph--default-lg-default__J4S_J articleParagraph\">De fait, la dette de l\u2019UE n\u2019a cess\u00e9 d\u2019augmenter rapidement depuis 2020: 236,7 milliards d\u2019euros en 2021, 348 milliards d\u2019euros en 2022, puis 458,5 milliards d\u2019euros en 2023, avant d\u2019atteindre un nouveau record historique de 601,3 milliards d\u2019euros en 2024.<\/p>\n<p>Le prix \u00e9lev\u00e9 de la relance post-covid<\/p>\n<p class=\"Paragraph_paragraph__lerxh Paragraph_paragraph--default-lg-default__J4S_J articleParagraph\">Le plan de relance d\u00e9cid\u00e9 suite \u00e0 la pand\u00e9mie de covid-19 a en effet laiss\u00e9 des traces: \u00e0 lui seul, le total des paiements d\u2019int\u00e9r\u00eats li\u00e9s \u00e0 <a class=\"LinkText_link-text__Ye_2n annotation-link_annotationLink__nXU8B\" href=\"https:\/\/www.virgule.lu\/luxembourg\/nextgenerationeu-un-premier-versement-de-202-millions-deuros-pour-le-luxembourg\/1675892.html\" target=\"_blank\" rel=\"noFollow nofollow noopener\">NextGenerationEU<\/a> et financ\u00e9s sur la p\u00e9riode budg\u00e9taire actuelle pourrait exc\u00e9der les 30 milliards d\u2019euros, soit plus du double du montant initialement pr\u00e9vu par la Commission europ\u00e9enne (14,9 milliards d\u2019euros). Pour la p\u00e9riode 2028-2034, ce chiffre pourrait m\u00eame atteindre pr\u00e8s de 74 milliards d\u2019euros.<\/p>\n<p class=\"Paragraph_paragraph__lerxh Paragraph_paragraph--default-lg-default__J4S_J articleParagraph\">\u00abAfin de pr\u00e9server la viabilit\u00e9 des futurs budgets europ\u00e9ens, il faudra tenir d\u00fbment compte de la charge croissante des obligations li\u00e9es \u00e0 l\u2019emprunt\u00bb, pr\u00e9vient la Cour. \u00abIl importe de disposer de garanties solides et de ressources suffisantes pour la mise en \u0153uvre des programmes de l\u2019UE.\u00bb<\/p>\n<p>Une opinion \u00abd\u00e9favorable\u00bb sur les d\u00e9penses de l\u2019UE<\/p>\n<p class=\"Paragraph_paragraph__lerxh Paragraph_paragraph--default-lg-default__J4S_J articleParagraph\">Par ailleurs, dans un registre plus technique, la Cour a \u00e9mis pour la sixi\u00e8me ann\u00e9e cons\u00e9cutive une opinion \u00abd\u00e9favorable\u00bb concernant les d\u00e9penses budg\u00e9taires de l\u2019UE du fait d\u2019\u00aberreurs persistantes\u00bb.<\/p>\n<p class=\"Paragraph_paragraph__lerxh Paragraph_paragraph--default-lg-default__J4S_J articleParagraph\">Comme chaque ann\u00e9e, la Cour examine les recettes et les d\u00e9penses de l\u2019UE. Et si les comptes de l\u2019UE pour 2024 pr\u00e9sentent \u00abune image fid\u00e8le de la situation financi\u00e8re\u00bb et les op\u00e9rations relatives aux recettes sont \u00abexemptes d\u2019erreurs\u00bb, ce n\u2019est toujours pas le cas des d\u00e9penses.<\/p>\n<p class=\"Paragraph_paragraph__lerxh Paragraph_paragraph--default-lg-default__J4S_J articleParagraph\">Pour se faire une id\u00e9e des montants, le total des paiements de l\u2019UE pour l\u2019ann\u00e9e 2024 s\u2019est \u00e9lev\u00e9 \u00e0 247 milliards d\u2019euros, dont 55,9 milliards au titre de la FRR (facilit\u00e9 pour la reprise et la r\u00e9silience), le principal pilier de NextGenerationEU.<\/p>\n<p>Les irr\u00e9gularit\u00e9s de d\u00e9penses \u00abtrop nombreuses\u00bb<\/p>\n<p class=\"Paragraph_paragraph__lerxh Paragraph_paragraph--default-lg-default__J4S_J articleParagraph\">Or, le niveau d\u2019erreur concernant les 191,1 milliards d\u2019euros de d\u00e9penses budg\u00e9taires hors FRR \u00abest \u00e0 la fois significatif et g\u00e9n\u00e9ralis\u00e9\u00bb, selon la Cour. Le taux d\u2019erreur, estim\u00e9 \u00e0 3,6% (dans une fourchette comprise entre 2,6% et 4,6%), peut au premier regard sembler limit\u00e9 \u2013 et il est d\u2019ailleurs \u00e0 la baisse par rapport \u00e0 2023 (5,6%). Il est cependant consid\u00e9r\u00e9 \u00absignificatif\u00bb d\u00e8s lors qu\u2019il d\u00e9passe 2%.<\/p>\n<p class=\"Paragraph_paragraph__lerxh Paragraph_paragraph--default-lg-default__J4S_J articleParagraph\">\u00abLa r\u00e9duction du niveau d\u2019erreur est une \u00e9volution positive, mais les irr\u00e9gularit\u00e9s de d\u00e9penses du budget europ\u00e9en restent encore trop nombreuses\u00bb, juge ainsi le pr\u00e9sident de la Cour, Tony Murphy, qui impute cette situation aux \u00abfaiblesses persistantes\u00bb des structures de surveillance et de reddition des comptes. Les erreurs les plus fr\u00e9quentes dans le budget europ\u00e9en restent de fait li\u00e9es aux projets et aux co\u00fbts in\u00e9ligibles, ainsi qu\u2019aux manquements aux r\u00e8gles sur les march\u00e9s publics.<\/p>\n<p>19 cas de fraude pr\u00e9sum\u00e9e signal\u00e9s<\/p>\n<p class=\"Paragraph_paragraph__lerxh Paragraph_paragraph--default-lg-default__J4S_J articleParagraph\">Si ce niveau d\u2019erreur n\u2019est pas un indicateur de fraude, de manque d\u2019efficience ou de gaspillage, il repr\u00e9sente toutefois une estimation des montants vers\u00e9s qui n\u2019ont pas \u00e9t\u00e9 utilis\u00e9s conform\u00e9ment aux r\u00e8gles de l\u2019UE et \u00e0 celles en vigueur au niveau national. Cela dit, les auditeurs ont recens\u00e9 en parall\u00e8le 19 cas de fraude pr\u00e9sum\u00e9e, qu\u2019ils ont signal\u00e9s aux autorit\u00e9s europ\u00e9ennes comp\u00e9tentes.<\/p>\n<p><a href=\"https:\/\/www.virgule.lu\/economie\/defense-ia-mobilite-sante-le-luxembourg-mise-gros-pour-2026\/95940060.html\" class=\"RelatedTeaser_related-teaser__8O980 RelatedTeaser_related-teaser--image__SKCSe read-more_withImage__1YJa_\" data-article-id=\"95940060\" rel=\"nofollow noopener\" target=\"_blank\"><\/p>\n<p>Lire aussi :D\u00e9fense, IA, mobilit\u00e9, sant\u00e9: le Luxembourg mise gros pour 2026<\/p>\n<p><\/a><\/p>\n<p class=\"Paragraph_paragraph__lerxh Paragraph_paragraph--default-lg-default__J4S_J articleParagraph\">\u00abAlors que s\u2019esquisse le budget europ\u00e9en \u00e0 long terme pour l\u2019apr\u00e8s-2027, les d\u00e9cideurs politiques doivent tirer les le\u00e7ons de nos conclusions pour garantir la viabilit\u00e9 et la transparence des futurs budgets de l\u2019UE\u00bb, pr\u00e9vient Tony Murphy.<\/p>\n<p>Des irr\u00e9gularit\u00e9s dans la mise en \u0153uvre de NextGenerationEU<\/p>\n<p class=\"Paragraph_paragraph__lerxh Paragraph_paragraph--default-lg-default__J4S_J articleParagraph\">La Cour a par ailleurs \u00e9mis une opinion \u00abavec r\u00e9serve\u00bb concernant les d\u00e9penses li\u00e9es au plan de relance post-covid \u2013 ce qui signifie que des probl\u00e8mes ont \u00e9t\u00e9 relev\u00e9s dans sa mise en \u0153uvre, sans que cela soit pour autant g\u00e9n\u00e9ralis\u00e9. Des irr\u00e9gularit\u00e9s ont ainsi entach\u00e9 une partie des 59,9 milliards d\u2019euros d\u00e9pens\u00e9s dans ce cadre, avec un impact financier qui \u00abtend \u00e0 augmenter\u00bb, quatre ans apr\u00e8s la mise en \u0153uvre du programme. Ainsi, en 2024, sur les 28 paiements de la FRR vers\u00e9s, les r\u00e8gles et conditions en vigueur n\u2019ont pas \u00e9t\u00e9 respect\u00e9es pour six d\u2019entre eux.<\/p>\n<p class=\"Paragraph_paragraph__lerxh Paragraph_paragraph--default-lg-default__J4S_J articleParagraph\">\u00abA l\u2019avenir, de tels mod\u00e8les de d\u00e9penses ne devraient \u00eatre utilis\u00e9s qu\u2019\u00e0 condition que les responsabilit\u00e9s soient clairement \u00e9tablies, que les financements soient directement li\u00e9s \u00e0 des r\u00e9sultats mesurables et que la tra\u00e7abilit\u00e9 des paiements soit assur\u00e9e jusqu\u2019au niveau des co\u00fbts r\u00e9els\u00bb, recommande la Cour.<\/p>\n","protected":false},"excerpt":{"rendered":"D&rsquo;ici \u00e0 2027, la dette de l\u2019UE pourrait d\u00e9passer les 900 milliards d\u2019euros, s\u2019inqui\u00e8te la Cour des comptes&hellip;\n","protected":false},"author":2,"featured_media":450499,"comment_status":"","ping_status":"","sticky":false,"template":"","format":"standard","meta":{"footnotes":""},"categories":[1586],"tags":[11,1777,674,1779,1011,27,12,25,1778,364],"class_list":{"0":"post-450498","1":"post","2":"type-post","3":"status-publish","4":"format-standard","5":"has-post-thumbnail","7":"category-europe","8":"tag-actualites","9":"tag-eu","10":"tag-europe","11":"tag-european-union","12":"tag-fr","13":"tag-france","14":"tag-news","15":"tag-republique-francaise","16":"tag-ue","17":"tag-union-europeenne"},"share_on_mastodon":{"url":"https:\/\/pubeurope.com\/@fr\/115345305383670821","error":""},"_links":{"self":[{"href":"https:\/\/www.europesays.com\/fr\/wp-json\/wp\/v2\/posts\/450498","targetHints":{"allow":["GET"]}}],"collection":[{"href":"https:\/\/www.europesays.com\/fr\/wp-json\/wp\/v2\/posts"}],"about":[{"href":"https:\/\/www.europesays.com\/fr\/wp-json\/wp\/v2\/types\/post"}],"author":[{"embeddable":true,"href":"https:\/\/www.europesays.com\/fr\/wp-json\/wp\/v2\/users\/2"}],"replies":[{"embeddable":true,"href":"https:\/\/www.europesays.com\/fr\/wp-json\/wp\/v2\/comments?post=450498"}],"version-history":[{"count":0,"href":"https:\/\/www.europesays.com\/fr\/wp-json\/wp\/v2\/posts\/450498\/revisions"}],"wp:featuredmedia":[{"embeddable":true,"href":"https:\/\/www.europesays.com\/fr\/wp-json\/wp\/v2\/media\/450499"}],"wp:attachment":[{"href":"https:\/\/www.europesays.com\/fr\/wp-json\/wp\/v2\/media?parent=450498"}],"wp:term":[{"taxonomy":"category","embeddable":true,"href":"https:\/\/www.europesays.com\/fr\/wp-json\/wp\/v2\/categories?post=450498"},{"taxonomy":"post_tag","embeddable":true,"href":"https:\/\/www.europesays.com\/fr\/wp-json\/wp\/v2\/tags?post=450498"}],"curies":[{"name":"wp","href":"https:\/\/api.w.org\/{rel}","templated":true}]}}