{"id":450502,"date":"2025-10-09T17:08:13","date_gmt":"2025-10-09T17:08:13","guid":{"rendered":"https:\/\/www.europesays.com\/fr\/450502\/"},"modified":"2025-10-09T17:08:13","modified_gmt":"2025-10-09T17:08:13","slug":"en-direct-crise-politique-leternelle-hypothese-jean-louis-borloo-a-matignon-fait-son-retour-liberation","status":"publish","type":"post","link":"https:\/\/www.europesays.com\/fr\/450502\/","title":{"rendered":"EN DIRECT &#8211; Crise politique\u00a0: l\u2019\u00e9ternelle hypoth\u00e8se Jean-Louis Borloo \u00e0 Matignon fait son retour \u2013 Lib\u00e9ration"},"content":{"rendered":"<p class=\"sc-cPiKLX AiZTS text-element\">\u00abChiche !\u00bb, s\u2019est exclam\u00e9 le pr\u00e9sident du groupe socialiste au S\u00e9nat, Patrick Kanner, \u00e0 l\u2019id\u00e9e d\u2019une nomination de Jean-Louis Borloo \u00e0 Matignon, estimant que ce serait \u00abun sacr\u00e9 pari\u00bb d\u2019Emmanuel Macron. \u00abCe serait un sacr\u00e9 pari [\u2026] mais j\u2019aurais plut\u00f4t envie de dire chiche !\u00bb, a affirm\u00e9 Patrick Kanner sur France Info, vantant \u00abquelqu\u2019un qui, lui, renverserait la table\u00bb car \u00abil conna\u00eet la musique et saura g\u00e9rer\u00bb. \u00abIl n\u2019a rien \u00e0 proposer sauf \u00e0 changer le pays de fond en comble\u00bb, a estim\u00e9 le chef des s\u00e9nateurs socialistes, en mentionnant n\u00e9anmoins que \u00ables relations entre Jean-Louis Borloo et Emmanuel Macron ne sont pas excellentes\u00bb, notamment depuis que le rapport Borloo sur le devenir de la politique de la ville a \u00e9t\u00e9 rejet\u00e9 par le pr\u00e9sident en 2018. Elu s\u00e9nateur du Nord, Patrick Kanner a rappel\u00e9 que Jean-Louis Borloo, 74 ans aujourd\u2019hui, avait longtemps \u00e9t\u00e9 maire de Valenciennes. <\/p>\n","protected":false},"excerpt":{"rendered":"\u00abChiche !\u00bb, s\u2019est exclam\u00e9 le pr\u00e9sident du groupe socialiste au S\u00e9nat, Patrick Kanner, \u00e0 l\u2019id\u00e9e d\u2019une nomination de&hellip;\n","protected":false},"author":2,"featured_media":450503,"comment_status":"","ping_status":"","sticky":false,"template":"","format":"standard","meta":{"footnotes":""},"categories":[2],"tags":[11,1073,1011,27,12,4393,25,11067],"class_list":{"0":"post-450502","1":"post","2":"type-post","3":"status-publish","4":"format-standard","5":"has-post-thumbnail","7":"category-actualites","8":"tag-actualites","9":"tag-emmanuel-macron","10":"tag-fr","11":"tag-france","12":"tag-news","13":"tag-olivier-faure","14":"tag-republique-francaise","15":"tag-sebastien-lecornu"},"share_on_mastodon":{"url":"https:\/\/pubeurope.com\/@fr\/115345313254517944","error":""},"_links":{"self":[{"href":"https:\/\/www.europesays.com\/fr\/wp-json\/wp\/v2\/posts\/450502","targetHints":{"allow":["GET"]}}],"collection":[{"href":"https:\/\/www.europesays.com\/fr\/wp-json\/wp\/v2\/posts"}],"about":[{"href":"https:\/\/www.europesays.com\/fr\/wp-json\/wp\/v2\/types\/post"}],"author":[{"embeddable":true,"href":"https:\/\/www.europesays.com\/fr\/wp-json\/wp\/v2\/users\/2"}],"replies":[{"embeddable":true,"href":"https:\/\/www.europesays.com\/fr\/wp-json\/wp\/v2\/comments?post=450502"}],"version-history":[{"count":0,"href":"https:\/\/www.europesays.com\/fr\/wp-json\/wp\/v2\/posts\/450502\/revisions"}],"wp:featuredmedia":[{"embeddable":true,"href":"https:\/\/www.europesays.com\/fr\/wp-json\/wp\/v2\/media\/450503"}],"wp:attachment":[{"href":"https:\/\/www.europesays.com\/fr\/wp-json\/wp\/v2\/media?parent=450502"}],"wp:term":[{"taxonomy":"category","embeddable":true,"href":"https:\/\/www.europesays.com\/fr\/wp-json\/wp\/v2\/categories?post=450502"},{"taxonomy":"post_tag","embeddable":true,"href":"https:\/\/www.europesays.com\/fr\/wp-json\/wp\/v2\/tags?post=450502"}],"curies":[{"name":"wp","href":"https:\/\/api.w.org\/{rel}","templated":true}]}}