{"id":450516,"date":"2025-10-09T17:18:12","date_gmt":"2025-10-09T17:18:12","guid":{"rendered":"https:\/\/www.europesays.com\/fr\/450516\/"},"modified":"2025-10-09T17:18:12","modified_gmt":"2025-10-09T17:18:12","slug":"le-president-de-luefa-dithyrambique-envers-nuno","status":"publish","type":"post","link":"https:\/\/www.europesays.com\/fr\/450516\/","title":{"rendered":"Le pr\u00e9sident de l&rsquo;UEFA dithyrambique envers Nuno &#8230;"},"content":{"rendered":"<p><img loading=\"lazy\" width=\"293\" height=\"165\" src=\"https:\/\/www.europesays.com\/fr\/wp-content\/uploads\/2025\/10\/img_293x165uu2025-06-08-23-47-22-2368390.webp.webp\" class=\"attachment-jannah-image-post size-jannah-image-post wp-post-image\" alt=\"Nuno Mendes et Ceferin\" is_main_img=\"1\" decoding=\"async\"\/><\/p>\n<p>En ce d\u00e9but de saison avec le <strong>PSG<\/strong> et depuis<br \/>\nle d\u00e9but de l\u2019ann\u00e9e 2025, <strong>Nuno Mendes<\/strong> cr\u00e8ve<br \/>\nl\u2019\u00e9cran. Le lat\u00e9ral gauche r\u00e9alise \u00e9galement de belles performances<br \/>\navec la s\u00e9lection du <strong>Portugal<\/strong>, ce que le pr\u00e9sident<br \/>\nde l\u2019<strong>UEFA<\/strong> n\u2019a pas manqu\u00e9 de souligner.<\/p>\n<p>A l\u2019occasion de cette tr\u00eave internationale, le<br \/>\n<strong>PSG<\/strong> est repr\u00e9sent\u00e9 par trois joueurs du c\u00f4t\u00e9 des<br \/>\nrangs du <strong>Portugal<\/strong> : <strong>Gon\u00e7alo<br \/>\nRamos<\/strong>, <strong>Vitinha<\/strong> et <strong>Nuno<br \/>\nMendes<\/strong>. L\u2019occasion pour eux d\u2019\u00eatre r\u00e9compens\u00e9s lors de la<br \/>\nc\u00e9r\u00e9monie des <strong><a href=\"https:\/\/canal-supporters.com\/les-portugais-du-psg-recompenses-au-portugal-football-globes\/\" target=\"_blank\" rel=\"noopener\"><br \/>\nPortugal Football Globes 2025<\/a><\/strong> pour leur saison<br \/>\nhistorique. En plus de cette r\u00e9compense symbolique, le lat\u00e9ral<br \/>\ngauche du <strong>Paris Saint-Germain<\/strong> a vu le pr\u00e9sident de<br \/>\nl\u2019<strong>UEFA<\/strong>, <strong>Aleksander Ceferin<\/strong>, lui<br \/>\ndresser des \u00e9loges \u00e0 l\u2019occasion d\u2019un entretien accord\u00e9 au m\u00e9dia<br \/>\nlocal, Record : \u00ab\u00a0Nuno Mendes est fantastique.<br \/>\nC\u2019est peut-\u00eatre le meilleur joueur du moment, mais sa position<br \/>\nn\u2019est pas aussi appr\u00e9ci\u00e9e que celle de ceux qui<br \/>\nmarquent\u00ab\u00a0. Les autres joueurs du <strong>PSG<\/strong><br \/>\nont \u00e9galement \u00e9t\u00e9 cit\u00e9 par le num\u00e9ro 1 de la plus grande instance<br \/>\ndu football europ\u00e9en : \u00ab\u00a0Jo\u00e3o Neves, Vitinha\u2026 mon<br \/>\nd\u00e9fenseur pr\u00e9f\u00e9r\u00e9, R\u00faben Dias. Mais je ne voulais pas dire de noms,<br \/>\nj\u2019oublie encore quelqu\u2019un. C\u2019est impressionnant ce que vous faites<br \/>\nau Portugal\u00ab\u00a0.<\/p>\n<\/p>\n<p>YouTube : <a href=\"https:\/\/www.youtube.com\/watch?v=ES7hIw-0CvI&amp;t=27s\" target=\"_blank\" rel=\"noopener\">Canal<br \/>\nSupporters Paris<\/a><\/p>\n","protected":false},"excerpt":{"rendered":"En ce d\u00e9but de saison avec le PSG et depuis le d\u00e9but de l\u2019ann\u00e9e 2025, Nuno Mendes cr\u00e8ve&hellip;\n","protected":false},"author":2,"featured_media":450517,"comment_status":"","ping_status":"","sticky":false,"template":"","format":"standard","meta":{"footnotes":""},"categories":[1410],"tags":[57637,81,57638,63,1011,27,5210,57639,15188,91,92,93,60,455,96],"class_list":{"0":"post-450516","1":"post","2":"type-post","3":"status-publish","4":"format-standard","5":"has-post-thumbnail","7":"category-football","8":"tag-aleksander-ceferin","9":"tag-canal-supporters","10":"tag-ceferin","11":"tag-football","12":"tag-fr","13":"tag-france","14":"tag-nuno-mendes","15":"tag-nuno-mendes-portugal","16":"tag-nuno-mendes-psg","17":"tag-paris-saint-germain","18":"tag-paris-sg","19":"tag-psg","20":"tag-sports","21":"tag-uefa","22":"tag-une"},"share_on_mastodon":{"url":"https:\/\/pubeurope.com\/@fr\/115345353161314656","error":""},"_links":{"self":[{"href":"https:\/\/www.europesays.com\/fr\/wp-json\/wp\/v2\/posts\/450516","targetHints":{"allow":["GET"]}}],"collection":[{"href":"https:\/\/www.europesays.com\/fr\/wp-json\/wp\/v2\/posts"}],"about":[{"href":"https:\/\/www.europesays.com\/fr\/wp-json\/wp\/v2\/types\/post"}],"author":[{"embeddable":true,"href":"https:\/\/www.europesays.com\/fr\/wp-json\/wp\/v2\/users\/2"}],"replies":[{"embeddable":true,"href":"https:\/\/www.europesays.com\/fr\/wp-json\/wp\/v2\/comments?post=450516"}],"version-history":[{"count":0,"href":"https:\/\/www.europesays.com\/fr\/wp-json\/wp\/v2\/posts\/450516\/revisions"}],"wp:featuredmedia":[{"embeddable":true,"href":"https:\/\/www.europesays.com\/fr\/wp-json\/wp\/v2\/media\/450517"}],"wp:attachment":[{"href":"https:\/\/www.europesays.com\/fr\/wp-json\/wp\/v2\/media?parent=450516"}],"wp:term":[{"taxonomy":"category","embeddable":true,"href":"https:\/\/www.europesays.com\/fr\/wp-json\/wp\/v2\/categories?post=450516"},{"taxonomy":"post_tag","embeddable":true,"href":"https:\/\/www.europesays.com\/fr\/wp-json\/wp\/v2\/tags?post=450516"}],"curies":[{"name":"wp","href":"https:\/\/api.w.org\/{rel}","templated":true}]}}