{"id":450518,"date":"2025-10-09T17:19:18","date_gmt":"2025-10-09T17:19:18","guid":{"rendered":"https:\/\/www.europesays.com\/fr\/450518\/"},"modified":"2025-10-09T17:19:18","modified_gmt":"2025-10-09T17:19:18","slug":"jai-de-super-belles-jambes-rossy-de-palma-se-confie-sur-sa-vie-sur-lart-et-sur-le-cinema-a-cinespana","status":"publish","type":"post","link":"https:\/\/www.europesays.com\/fr\/450518\/","title":{"rendered":"\u00ab\u00a0J\u2019ai de super belles jambes\u00a0\u00bb, Rossy de Palma se confie sur sa vie, sur l\u2019art et sur le cin\u00e9ma \u00e0 Cinespa\u00f1a"},"content":{"rendered":"<p>\n                                                                    l&rsquo;essentiel<br \/>\n                                                                Ic\u00f4ne du cin\u00e9ma espagnol, r\u00e9v\u00e9l\u00e9e par Pedro Almodovar, l\u2019actrice et plasticienne Rossy de Palma a re\u00e7u, mercredi soir, la Violette d\u2019Honneur de Cinespa\u00f1a, lors d\u2019un \u00e9change truculent avec les spectateurs du festival au Path\u00e9 Wilson.\n                            <\/p>\n<p>Dr\u00f4le, volubile, g\u00e9n\u00e9reuse, la com\u00e9dienne espagnole Rossy de Palma a mis l\u2019ambiance, mercredi soir, au Path\u00e9 Wilson, o\u00f9 lui \u00e9tait remise\u00a0une Violette d\u2019honneur pour l\u2019ensemble de sa carri\u00e8re et pour sa contribution au rayonnement du cin\u00e9ma espagnol. Pr\u00e9sidente de Cinespa\u00f1a, Fran\u00e7oise Palmerio-Vielmas avait plaisir \u00e0\u00a0r\u00e9compenser et \u00e0 \u00ab\u00a0recevoir une artiste attachante \u00e0 la carri\u00e8re internationale mais aussi\u00a0une femme formidable\u00a0\u00bb.<\/p>\n<p>Le cin\u00e9ma d\u2019Almodovar<\/p>\n<p>C\u2019est bien entendu sur le cin\u00e9ma de Pedro Almodovar et sur son rapport avec le r\u00e9alisateur que\u00a0Rossy de Palma a \u00e9t\u00e9 le plus interrog\u00e9e par la salle.<\/p>\n<p class=\"std-elt__inline\">\n        <strong>\u00c0 lire aussi :<\/strong><br \/>\n        <a href=\"https:\/\/www.ladepeche.fr\/2025\/09\/19\/rossy-de-palma-a-toulouse-licone-du-cinema-espagnol-sera-linvitee-dhonneur-de-cinespana-et-lartiste-associee-du-nouveau-printemps-2026-12937653.php\" target=\"_blank\" rel=\"noopener\">Rossy de Palma \u00e0 Toulouse\u00a0: l\u2019ic\u00f4ne du cin\u00e9ma espagnol sera l\u2019invit\u00e9e d\u2019honneur de Cinespa\u00f1a et l\u2019artiste associ\u00e9e du Nouveau Printemps 2026<\/a>\n    <\/p>\n<p>\u00ab\u00a0Je vais vous donner un scoop, \u00e0 vous mon fid\u00e8le public toulousain, qu\u2019il ne faudra pas r\u00e9p\u00e9ter \u00e0 Pedro\u00a0\u00bb, s\u2019est amus\u00e9e l\u2019actrice. \u00ab\u00a0Il croit que j\u2019ai tourn\u00e9\u00a0pour la premi\u00e8re fois avec lui dans &lsquo;La Loi du d\u00e9sir&rsquo; mais ce n\u2019est pas vrai\u2026 Je suis native des Bal\u00e9ares et avant d\u2019arriver \u00e0 Madrid, au d\u00e9but des ann\u00e9es 80, j\u2019ai \u00e9t\u00e9 approch\u00e9e par des Allemands \u00e0 Mallorca qui nous regardaient comme des indig\u00e8nes pour participer au tournage d\u2019un film sur l\u2019\u00e9lection de Miss Allemande o\u00f9 j\u2019ai fait de la figuration\u00a0\u00bb.<\/p>\n<p>\u00ab\u00a0Sinon avec Pedro, on s\u2019est connu dans la nuit madril\u00e8ne. Il \u00e9tait toujours intrigu\u00e9 par ce que je portais, mes v\u00eatements, mes boucles d\u2019oreilles, mais surtout par le\u00a0fait que je les r\u00e9alisais\u00a0moi-m\u00eame. \u00c0 l\u2019\u00e9poque, je jouais dans un groupe de musique. Je n\u2019ai jamais \u00e9t\u00e9 groupie, je gardais mes distances et parfois c\u2019est la meilleure fa\u00e7on d\u2019approcher quelqu\u2019un sans lui sauter dessus. Pedro commen\u00e7ait \u00e0 \u00eatre connu, il pr\u00e9parait le tournage de &lsquo;Matador&rsquo;. Apr\u00e8s &lsquo;La Loi du d\u00e9sir&rsquo;, il m\u2019a propos\u00e9 &lsquo;Femmes au bord de la crise de nerfs&rsquo; car je trouvais que j\u2019avais eu un trop petit r\u00f4le. Mais en lisant le sc\u00e9nario, je lui ai dit\u00a0: Pedro, je suis toujours endormie dans ton film, c\u2019est un peu l\u00e9ger comme r\u00f4le\u00a0! Et il m\u2019a r\u00e9pondu\u00a0: mais je te fais un cadeau tu vas vivre un orgasme en r\u00eave\u2026 Alors \u00e7a valait le coup de faire le film\u00a0\u00bb.<\/p>\n<p>\u00ab\u00a0De toute fa\u00e7on, je me sens davantage artiste que com\u00e9dienne. J\u2019aime beaucoup les erreurs dans la\u00a0cr\u00e9ation. Tout ce qui n\u2019est pas dans les normes\u00a0\u00bb.<\/p>\n<p>Associ\u00e9e au Nouveau Printemps<\/p>\n<p>Invit\u00e9e d\u2019honneur de Cinespa\u00f1a, Rossy de Palma sera d\u2019ailleurs de retour \u00e0 Toulouse, en tant qu\u2019artiste associ\u00e9e du festival d\u2019art contemporain Le Nouveau Printemps, du 29\u00a0mai au 28\u00a0juin 2026. Apr\u00e8s Kiddy Smile, elle posera\u00a0son regard\u00a0d\u2019artiste plasticienne autour de la gare Matabiau et imaginera un programme d\u2019expositions.<\/p>\n<\/p>\n<p>                    <img decoding=\"async\" class=\"responsive-img\" src=\"https:\/\/www.europesays.com\/fr\/wp-content\/uploads\/2025\/10\/1760030358_383_hqdefault.jpg\"\/><br \/>\n                <a class=\"stretched-link\" href=\"#paywall\" rel=\"js-anchor\"><\/p>\n<p>        <\/a><\/p>\n<p>\u00ab\u00a0Dans l\u2019art, j\u2019aime tout mais surtout ce qui est simple, ce qui n\u2019est pas pr\u00e9tentieux\u00a0\u00bb, explique Rossy de Palma. \u00ab\u00a0J\u2019aime les fleurs, j\u2019aime le chant de l\u2019oiseau, j\u2019aime montrer la beaut\u00e9 de la nature dans ce monde qui va mal. J\u2019aime aussi faire de petites vid\u00e9os avec mes lunettes. D\u2019ailleurs, regardez-moi que je vous filme. J\u2019adore aussi tout ce qui est construit avec les mains comme mon papa qui \u00e9tait ma\u00e7on et qui va f\u00eater dimanche ses 95 ans. Mes parents sont des gens simples. Ma m\u00e8re faisait des aquarelles mais elle refusait d\u2019\u00eatre qualifi\u00e9e d\u2019artiste. J\u2019adore la terre, la mati\u00e8re, travailler avec les mains car \u00e7a permet de reposer la t\u00eate\u00a0\u00bb.<\/p>\n<p>Un visage digne de Picasso<\/p>\n<p class=\"std-elt__inline\">\n        <strong>\u00c0 lire aussi :<\/strong><br \/>\n        <a href=\"https:\/\/www.ladepeche.fr\/2025\/10\/04\/en-reduisant-la-duree-du-festival-on-peut-retablir-les-aperos-concerts-cinespana-retrouve-lambiance-festive-de-ses-soirees-musicales-12969423.php\" target=\"_blank\" rel=\"noopener\">\u00ab\u00a0En r\u00e9duisant la dur\u00e9e du festival, on peut r\u00e9tablir les ap\u00e9ros-concerts\u00a0\u00bb\u00a0: Cinespa\u00f1a retrouve l\u2019ambiance festive de ses soir\u00e9es musicales<\/a>\n    <\/p>\n<p>Interrog\u00e9e sur la fa\u00e7on dont son physique atypique lui a permis de construire sa carri\u00e8re, Rossy de Palma a r\u00e9pondu avec beaucoup de franchise, d\u2019\u00e9motion et d\u2019humour\u00a0: \u00ab\u00a0J\u2019ai de super belles jambes, des oreilles qui \u00e9coutent et des yeux qui regardent. Il y a toujours mille choses pour dire merci. Je sais depuis toujours que mon visage est particulier mais je n\u2019ai pas de probl\u00e8me avec \u00e7a. Plus jeune, je savais que c\u2019\u00e9tait plus un probl\u00e8me de regard des autres sur moi que pour moi-m\u00eame. Maintenant, je trouve qu\u2019il y a de plus en plus de physiques comme le mien dans la rue. Parfois, mon physique m\u2019a servi\u00a0de bouclier et je me suis dit pourquoi me punir pour quelque chose que je n\u2019ai pas choisi. C\u2019est comme le racisme ou la grossophobie\u00a0\u00bb.<\/p>\n<p>Un \u00e9change sinc\u00e8re que Rossy de Plama a termin\u00e9 en citant le po\u00e8te portugais Fernando\u00a0Pessoa\u00a0: \u00ab\u00a0Le sens du ridicule n\u2019existe que pour les autres\u00a0\u00bb.<\/p>\n<p>    Carte blanche<\/p>\n<p>Invit\u00e9e d\u2019honneur de la 30e \u00e9dition de Cinespa\u00f1a, Rossy de Palma a profit\u00e9 de sa carte blanche pour montrer deux films qui lui tiennent \u00e0 c\u0153ur. \u00ab\u00a0Carmen\u00a0\u00bb de Benjamin Millepied, pr\u00e9sent\u00e9 ce vendredi 10\u00a0octobre, \u00e0 19\u00a0h, au Path\u00e9 Wilson, et \u00ab\u00a0Dia de caza\u00a0\u00bb (\u00ab\u00a0Jour de chasse\u00a0\u00bb) de Pedro Aguilera, projet\u00e9 aussi ce vendredi 10\u00a0octobre au Path\u00e9 Wilson \u00e0 15\u00a0h\u00a030. Une avant-premi\u00e8re internationale car cette version contemporaine de \u00ab\u00a0La Chasse\u00a0\u00bb de Carlos Saura (1966) n\u2019a encore jamais \u00e9t\u00e9 montr\u00e9e.<\/p>\n","protected":false},"excerpt":{"rendered":"l&rsquo;essentiel Ic\u00f4ne du cin\u00e9ma espagnol, r\u00e9v\u00e9l\u00e9e par Pedro Almodovar, l\u2019actrice et plasticienne Rossy de Palma a re\u00e7u, mercredi&hellip;\n","protected":false},"author":2,"featured_media":450519,"comment_status":"","ping_status":"","sticky":false,"template":"","format":"standard","meta":{"footnotes":""},"categories":[1359],"tags":[58,59,1011,27,973],"class_list":{"0":"post-450518","1":"post","2":"type-post","3":"status-publish","4":"format-standard","5":"has-post-thumbnail","7":"category-people","8":"tag-divertissement","9":"tag-entertainment","10":"tag-fr","11":"tag-france","12":"tag-people"},"share_on_mastodon":{"url":"https:\/\/pubeurope.com\/@fr\/115345356468920109","error":""},"_links":{"self":[{"href":"https:\/\/www.europesays.com\/fr\/wp-json\/wp\/v2\/posts\/450518","targetHints":{"allow":["GET"]}}],"collection":[{"href":"https:\/\/www.europesays.com\/fr\/wp-json\/wp\/v2\/posts"}],"about":[{"href":"https:\/\/www.europesays.com\/fr\/wp-json\/wp\/v2\/types\/post"}],"author":[{"embeddable":true,"href":"https:\/\/www.europesays.com\/fr\/wp-json\/wp\/v2\/users\/2"}],"replies":[{"embeddable":true,"href":"https:\/\/www.europesays.com\/fr\/wp-json\/wp\/v2\/comments?post=450518"}],"version-history":[{"count":0,"href":"https:\/\/www.europesays.com\/fr\/wp-json\/wp\/v2\/posts\/450518\/revisions"}],"wp:featuredmedia":[{"embeddable":true,"href":"https:\/\/www.europesays.com\/fr\/wp-json\/wp\/v2\/media\/450519"}],"wp:attachment":[{"href":"https:\/\/www.europesays.com\/fr\/wp-json\/wp\/v2\/media?parent=450518"}],"wp:term":[{"taxonomy":"category","embeddable":true,"href":"https:\/\/www.europesays.com\/fr\/wp-json\/wp\/v2\/categories?post=450518"},{"taxonomy":"post_tag","embeddable":true,"href":"https:\/\/www.europesays.com\/fr\/wp-json\/wp\/v2\/tags?post=450518"}],"curies":[{"name":"wp","href":"https:\/\/api.w.org\/{rel}","templated":true}]}}