{"id":450520,"date":"2025-10-09T17:20:36","date_gmt":"2025-10-09T17:20:36","guid":{"rendered":"https:\/\/www.europesays.com\/fr\/450520\/"},"modified":"2025-10-09T17:20:36","modified_gmt":"2025-10-09T17:20:36","slug":"journee-internationale-de-lutte-contre-le-sans-abrisme-le-regard-photographique-de-thierry-rajic","status":"publish","type":"post","link":"https:\/\/www.europesays.com\/fr\/450520\/","title":{"rendered":"Journ\u00e9e internationale de lutte contre le sans-abrisme\u00a0: le regard photographique de\u2009Thierry Rajic"},"content":{"rendered":"<p>\n                                                                    l&rsquo;essentiel<br \/>\n                                                                \u00c0 l\u2019occasion de la Journ\u00e9e mondiale du sans-abrisme, TAM09 propose une exposition de Thierry Rajic pour sensibiliser \u00e0 la pr\u00e9carit\u00e9 rurale, du 8\u00a0octobre au 29\u00a0novembre.\n                            <\/p>\n<p>Sensibiliser \u00e0 la pr\u00e9carit\u00e9 rurale, d\u00e9construire les pr\u00e9jug\u00e9s et valoriser l\u2019action de terrain\u00a0: l\u2019antenne ari\u00e9geoise de l\u2019association \u00ab\u00a0Toit \u00e0 Moi 09\u00a0\u00bb (TAM09) organise, pour la premi\u00e8re fois, une s\u00e9rie d\u2019\u00e9v\u00e9nements en Arize-L\u00e8ze \u00e0 l\u2019occasion de la Journ\u00e9e mondiale de lutte contre le sans-abrisme, le 10\u00a0octobre 2025.<\/p>\n<p>\u00c0 cette occasion, le photographe Thierry Rajic a r\u00e9alis\u00e9 une s\u00e9rie de portraits expos\u00e9s \u00e0 la biblioth\u00e8que du Mas-d\u2019Azil.<br \/>Qu\u2019ils soient d\u2019illustres artistes ou de parfaits inconnus dans la rue, les mod\u00e8les photographi\u00e9s par Thierry Rajic partagent une m\u00eame humanit\u00e9, capt\u00e9e avec tendresse par l\u2019objectif du photographe. Stefan Eicher, Alain Souchon, Barbara, Renaud, Bashung, Iggy Pop, MC Solaar, Zidane, Jim Jarmusch, David Lynch, Clint Eastwood, Nicolas Cage\u2026 comptent parmi les c\u00e9l\u00e9brit\u00e9s que l\u2019objectif de son appareil photo ou de sa cam\u00e9ra a immortalis\u00e9es, que ce soit pour le service photo de Lib\u00e9ration, pour de grands magazines ou pour des maisons de disques lui ayant confi\u00e9 la r\u00e9alisation de clips vid\u00e9o et de pochettes d\u2019albums.<\/p>\n<p>        <img decoding=\"async\" class=\"std-img__img responsive-img\" src=\"https:\/\/www.europesays.com\/fr\/wp-content\/uploads\/2025\/10\/1760030436_664_image.jpg\" alt=\"Le photographe Thierry Rajic. TAM 2025 exposition du 8\u00a0octobre au 29\u00a0novembre.\"\/><\/p>\n<p>                Le photographe Thierry Rajic. TAM 2025 exposition du 8\u00a0octobre au 29\u00a0novembre.<br \/>\n                                    DDM &#8211; ]]]\u00a0\u00bb\u00a0\u00bb\u00a0\u00bb<\/p>\n<p>Un regard intime sur la pr\u00e9carit\u00e9 en Ari\u00e8ge<\/p>\n<p>Parall\u00e8lement, Thierry Rajic a men\u00e9 et poursuit un travail plus soci\u00e9tal aupr\u00e8s d\u2019anonymes, voisins pr\u00e9caires, sans-abri, toxicomanes, personnes en situation de fragilit\u00e9 psychique\u2026 auxquelles il offre son cadre toujours minutieux et minimaliste, pour r\u00e9v\u00e9ler leur beaut\u00e9, leurs faiblesses et leurs forces.<\/p>\n<p>Install\u00e9 en Ari\u00e8ge depuis 2016, Thierry Rajic y a photographi\u00e9 des habitants de Saint-Girons et Saint-Lizier, des r\u00e9sidents d\u2019Ehpad, et a r\u00e9alis\u00e9 des films pour le Parc naturel r\u00e9gional. Son dernier travail t\u00e9moigne de l\u2019action de l\u2019association TAM09\u00a0: acheter des appartements pour y loger des personnes sans-abri et les accompagner dans leur parcours de r\u00e9insertion. Le photographe les a saisis dans leur quotidien apais\u00e9, les sublimant avec une rare humanit\u00e9 dans une s\u00e9rie de portraits empreints d\u2019int\u00e9grit\u00e9 et de profondeur.<\/p>\n<p>Pr\u00e9sente dans 14 villes et m\u00e9tropoles de France, TAM a ouvert en 2022 sa premi\u00e8re antenne en milieu rural, dans la Communaut\u00e9 de communes Arize-L\u00e8ze, o\u00f9 quatre logements ont d\u2019ores et d\u00e9j\u00e0 \u00e9t\u00e9 acquis pour accueillir des personnes en grande pr\u00e9carit\u00e9.<\/p>\n<p>Exposition de photographies de Thierry Rajic, visible du 8\u00a0octobre au 29\u00a0novembre 2025 \u00e0 la biblioth\u00e8que du Mas-d\u2019Azil.<br \/>Une proposition de l\u2019association Toit \u00e0 Moi 09.<br \/>Renseignements\u00a0: 05\u00a061\u00a067\u00a090\u00a072 \u2013 https:\/\/bibliotheques.arize-leze.fr<\/p>\n","protected":false},"excerpt":{"rendered":"l&rsquo;essentiel \u00c0 l\u2019occasion de la Journ\u00e9e mondiale du sans-abrisme, TAM09 propose une exposition de Thierry Rajic pour sensibiliser&hellip;\n","protected":false},"author":2,"featured_media":450521,"comment_status":"","ping_status":"","sticky":false,"template":"","format":"standard","meta":{"footnotes":""},"categories":[1358],"tags":[1348,1384,1385,1386,58,59,1011,27],"class_list":{"0":"post-450520","1":"post","2":"type-post","3":"status-publish","4":"format-standard","5":"has-post-thumbnail","7":"category-arts-et-design","8":"tag-arts","9":"tag-arts-and-design","10":"tag-arts-et-design","11":"tag-design","12":"tag-divertissement","13":"tag-entertainment","14":"tag-fr","15":"tag-france"},"share_on_mastodon":{"url":"https:\/\/pubeurope.com\/@fr\/115345360594696095","error":""},"_links":{"self":[{"href":"https:\/\/www.europesays.com\/fr\/wp-json\/wp\/v2\/posts\/450520","targetHints":{"allow":["GET"]}}],"collection":[{"href":"https:\/\/www.europesays.com\/fr\/wp-json\/wp\/v2\/posts"}],"about":[{"href":"https:\/\/www.europesays.com\/fr\/wp-json\/wp\/v2\/types\/post"}],"author":[{"embeddable":true,"href":"https:\/\/www.europesays.com\/fr\/wp-json\/wp\/v2\/users\/2"}],"replies":[{"embeddable":true,"href":"https:\/\/www.europesays.com\/fr\/wp-json\/wp\/v2\/comments?post=450520"}],"version-history":[{"count":0,"href":"https:\/\/www.europesays.com\/fr\/wp-json\/wp\/v2\/posts\/450520\/revisions"}],"wp:featuredmedia":[{"embeddable":true,"href":"https:\/\/www.europesays.com\/fr\/wp-json\/wp\/v2\/media\/450521"}],"wp:attachment":[{"href":"https:\/\/www.europesays.com\/fr\/wp-json\/wp\/v2\/media?parent=450520"}],"wp:term":[{"taxonomy":"category","embeddable":true,"href":"https:\/\/www.europesays.com\/fr\/wp-json\/wp\/v2\/categories?post=450520"},{"taxonomy":"post_tag","embeddable":true,"href":"https:\/\/www.europesays.com\/fr\/wp-json\/wp\/v2\/tags?post=450520"}],"curies":[{"name":"wp","href":"https:\/\/api.w.org\/{rel}","templated":true}]}}