{"id":450526,"date":"2025-10-09T17:23:11","date_gmt":"2025-10-09T17:23:11","guid":{"rendered":"https:\/\/www.europesays.com\/fr\/450526\/"},"modified":"2025-10-09T17:23:11","modified_gmt":"2025-10-09T17:23:11","slug":"as-i-lay-dying-aurait-trouve-sa-meilleure-voix-melodique","status":"publish","type":"post","link":"https:\/\/www.europesays.com\/fr\/450526\/","title":{"rendered":"As I Lay Dying aurait trouv\u00e9 sa meilleure voix m\u00e9lodique"},"content":{"rendered":"<p><strong>Sur les r\u00e9seaux sociaux, <a href=\"https:\/\/www.metalzone.fr\/tommy-vext\/\" rel=\"nofollow noopener\" target=\"_blank\">Tommy Vext<\/a> a salu\u00e9 le retour d\u2019<a href=\"https:\/\/www.metalzone.fr\/as-i-lay-dying\/\" rel=\"nofollow noopener\" target=\"_blank\">As I Lay Dying<\/a> avec son nouveau morceau Echoes et son \u00e9quipe enti\u00e8rement remani\u00e9e, qu\u2019il juge comme la meilleure formation que le groupe ait connue depuis des ann\u00e9es.<\/strong><\/p>\n<p>Un retour salu\u00e9 par Tommy Vext<\/p>\n<p>Le 8 octobre, As I Lay Dying a d\u00e9voil\u00e9 Echoes, un titre qui marque une nouvelle \u00e8re pour le groupe californien. Sur X (ex-Twitter), Tommy Vext n\u2019a pas tard\u00e9 \u00e0 r\u00e9agir : \u201cLa nouvelle chanson d\u2019As I Lay Dying est la meilleure qu\u2019ils aient sortie depuis Shadows. Chris Clancy est le meilleur chanteur m\u00e9lodique que le groupe ait jamais eu (sans manquer de respect \u00e0 Josh), Clancy est d\u2019une autre trempe.\u201d<\/p>\n<p>Interpell\u00e9 par un fan, l\u2019ancien chanteur de <a href=\"https:\/\/www.metalzone.fr\/bad-wolves\/\" rel=\"nofollow noopener\" target=\"_blank\">Bad Wolves<\/a> confirme avoir collabor\u00e9 avec l\u2019un des membres actuels : \u201cOui, monsieur, le line-up entier est tout simplement \u00e9pique.\u201d Cette formation, enti\u00e8rement nouvelle autour de Tim Lambesis, comprend d\u00e9sormais Chris Clancy, Bill Hudson, Don Vedda et Tim Yeung.<\/p>\n<p>Tommy Vext : entre reconnaissance et renouveau<\/p>\n<p>Cette prise de parole s\u2019inscrit dans une p\u00e9riode dynamique pour Tommy Vext. R\u00e9cemment r\u00e9compens\u00e9 par un disque d\u2019or pour le titre Remember When, co\u00e9crit avec Bad Wolves, il pr\u00e9pare activement un nouveau projet en collaboration avec Chris Cain. Des extraits ont d\u00e9j\u00e0 \u00e9t\u00e9 partag\u00e9s, et des auditions sont en cours pour constituer un nouveau groupe.<\/p>\n<p>Toujours en mouvement, Tommy Vext multiplie les projets et garde un \u0153il attentif sur la sc\u00e8ne <a href=\"https:\/\/www.metalzone.fr\/heavy-metal\/\" rel=\"nofollow noopener\" target=\"_blank\">metal<\/a>.<\/p>\n<p>Publication de Tommy Vext :<\/p>\n<blockquote class=\"twitter-tweet\">\n<p dir=\"ltr\" lang=\"en\">The new As I lay dying song is the best thing they\u2019ve put out since Shadows. Chris Clancy is the best melodic vocalist this band has ever had (no disrespect to Josh) Clancy is just another breed of vocalist<\/p>\n<p>\u2014 Tommy Vext (@TVext) <a href=\"https:\/\/twitter.com\/TVext\/status\/1976166936036962780?ref_src=twsrc%5Etfw\" rel=\"nofollow noopener\" target=\"_blank\">October 9, 2025<\/a><\/p>\n<\/blockquote>\n<p>Echoes d\u2019As I Lay Dying :<\/p>\n<p><script async src=\"https:\/\/platform.twitter.com\/widgets.js\" charset=\"utf-8\"><\/script><\/p>\n","protected":false},"excerpt":{"rendered":"Sur les r\u00e9seaux sociaux, Tommy Vext a salu\u00e9 le retour d\u2019As I Lay Dying avec son nouveau morceau&hellip;\n","protected":false},"author":2,"featured_media":450527,"comment_status":"","ping_status":"","sticky":false,"template":"","format":"standard","meta":{"footnotes":""},"categories":[1355],"tags":[58,59,1011,27,1361,873],"class_list":{"0":"post-450526","1":"post","2":"type-post","3":"status-publish","4":"format-standard","5":"has-post-thumbnail","7":"category-musique","8":"tag-divertissement","9":"tag-entertainment","10":"tag-fr","11":"tag-france","12":"tag-music","13":"tag-musique"},"share_on_mastodon":{"url":"https:\/\/pubeurope.com\/@fr\/115345372501870915","error":""},"_links":{"self":[{"href":"https:\/\/www.europesays.com\/fr\/wp-json\/wp\/v2\/posts\/450526","targetHints":{"allow":["GET"]}}],"collection":[{"href":"https:\/\/www.europesays.com\/fr\/wp-json\/wp\/v2\/posts"}],"about":[{"href":"https:\/\/www.europesays.com\/fr\/wp-json\/wp\/v2\/types\/post"}],"author":[{"embeddable":true,"href":"https:\/\/www.europesays.com\/fr\/wp-json\/wp\/v2\/users\/2"}],"replies":[{"embeddable":true,"href":"https:\/\/www.europesays.com\/fr\/wp-json\/wp\/v2\/comments?post=450526"}],"version-history":[{"count":0,"href":"https:\/\/www.europesays.com\/fr\/wp-json\/wp\/v2\/posts\/450526\/revisions"}],"wp:featuredmedia":[{"embeddable":true,"href":"https:\/\/www.europesays.com\/fr\/wp-json\/wp\/v2\/media\/450527"}],"wp:attachment":[{"href":"https:\/\/www.europesays.com\/fr\/wp-json\/wp\/v2\/media?parent=450526"}],"wp:term":[{"taxonomy":"category","embeddable":true,"href":"https:\/\/www.europesays.com\/fr\/wp-json\/wp\/v2\/categories?post=450526"},{"taxonomy":"post_tag","embeddable":true,"href":"https:\/\/www.europesays.com\/fr\/wp-json\/wp\/v2\/tags?post=450526"}],"curies":[{"name":"wp","href":"https:\/\/api.w.org\/{rel}","templated":true}]}}