{"id":450530,"date":"2025-10-09T17:25:11","date_gmt":"2025-10-09T17:25:11","guid":{"rendered":"https:\/\/www.europesays.com\/fr\/450530\/"},"modified":"2025-10-09T17:25:11","modified_gmt":"2025-10-09T17:25:11","slug":"a-la-mode-oui-inoffensifs-pas-vraiment-voici-les-vetements-dont-vous-devriez-vous-mefier","status":"publish","type":"post","link":"https:\/\/www.europesays.com\/fr\/450530\/","title":{"rendered":"\u00c0 la mode, oui. Inoffensifs ? Pas vraiment : voici les v\u00eatements dont vous devriez vous m\u00e9fier"},"content":{"rendered":"<p>Le retour des feuilles mortes, la fra\u00eecheur du matin, les vitrines regorgeant de nouveaut\u00e9s\u2026 L&rsquo;automne 2025 est bel et bien l\u00e0, et, fid\u00e8le \u00e0 son habitude, la mode s&rsquo;invite dans nos penderies. Mais derri\u00e8re les tendances irr\u00e9sistibles de cette saison, un danger se cache parfois l\u00e0 o\u00f9 on ne l&rsquo;attend pas. Le choix des v\u00eatements, loin d&rsquo;\u00eatre anodin, peut en effet influencer notre bien-\u00eatre et notre sant\u00e9, au-del\u00e0 du simple confort ou de l&rsquo;esth\u00e9tique. Les tissus modernes, les couleurs \u00e9clatantes et les nouveaut\u00e9s textiles nous poussent \u00e0 renouveler nos garde-robes, sans toujours mesurer les <strong>effets de certains choix<\/strong> sur notre organisme. Alors, quels v\u00eatements faut-il surveiller de pr\u00e8s cette ann\u00e9e ? Pr\u00e9parez-vous \u00e0 faire le tri\u2026<\/p>\n<p> Quand la mode et notre sant\u00e9 se rencontrent<\/p>\n<p>Porter une belle \u00e9charpe, enfiler un pull ou d\u00e9couvrir un manteau dernier cri fait souvent partie des petits plaisirs de l&rsquo;automne. Toutefois, certains v\u00eatements et accessoires cachent des <strong>pi\u00e8ges insoup\u00e7onn\u00e9s<\/strong> pour notre corps. Si la mode \u00e9volue, les mati\u00e8res aussi, et pas toujours dans le bon sens pour notre bien-\u00eatre.<\/p>\n<p> Des mati\u00e8res en question<\/p>\n<p>Les tissus synth\u00e9tiques, tr\u00e8s pr\u00e9sents dans les collections actuelles, ont envahi nos armoires : polyester, acrylique, polyamide\u2026 Leur attrait ? Ils sont <strong>pratiques<\/strong>, g\u00e9n\u00e9ralement peu co\u00fbteux et faciles \u00e0 entretenir. Pourtant, ils ne sont pas sans cons\u00e9quences, surtout pour les peaux sensibles ou matures.<\/p>\n<p> Des r\u00e9actions parfois inattendues<\/p>\n<p>Il n&rsquo;est pas rare de ressentir des <strong>d\u00e9mangeaisons<\/strong>, des rougeurs ou encore une sensation de transpiration excessive apr\u00e8s avoir port\u00e9 certains v\u00eatements. La raison ? La faible a\u00e9ration de nombreux textiles synth\u00e9tiques, associ\u00e9e \u00e0 des <strong>teintures chimiques puissantes<\/strong>, peut irriter l&rsquo;\u00e9piderme et g\u00eaner la respiration naturelle de la peau. Avec l&rsquo;\u00e2ge, cette sensibilit\u00e9 tend m\u00eame \u00e0 s&rsquo;accentuer, rendant les r\u00e9actions plus fr\u00e9quentes et parfois plus intenses.<\/p>\n<p> Le revers cach\u00e9 des v\u00eatements \u00ab modernes \u00bb<\/p>\n<p>\u00c0 l&rsquo;automne, les couleurs chatoyantes et \u00ab tendance \u00bb inondent les rayons, mais elles dissimulent parfois un revers inqui\u00e9tant. De nombreuses teintures industrielles utilis\u00e9es pour les textiles renferment des <strong>substances agressives ou allergisantes<\/strong>. Et ces informations ne figurent pas syst\u00e9matiquement sur l&rsquo;\u00e9tiquette !<\/p>\n<p> Des substances \u00e0 surveiller<\/p>\n<p>Certains v\u00eatements rel\u00e2chent des microparticules lors du lavage ou par simple frottement. Ces <strong>microplastiques<\/strong>, pr\u00e9sents dans les tissus synth\u00e9tiques, ne se voient pas \u00e0 l&rsquo;\u0153il nu, mais leur impact sur notre organisme fait l&rsquo;objet de nombreuses mises en garde. Ils peuvent s&rsquo;introduire dans notre environnement imm\u00e9diat, mais aussi dans l&rsquo;air que nous respirons, et, \u00e0 terme, dans notre corps.<\/p>\n<ul>\n<li><strong>Polyester<\/strong> : un des tissus les plus utilis\u00e9s, peut causer des irritations et participe \u00e0 la diffusion de microfibres plastiques.<\/li>\n<li><strong>Teintures azo\u00efques<\/strong> : certaines colorations sont sources d&rsquo;allergies et sont difficilement \u00e9limin\u00e9es au lavage.<\/li>\n<li><strong>Adjuvants chimiques<\/strong> : pour assouplir, donner un effet \u00ab facile \u00e0 repasser \u00bb ou rendre le v\u00eatement infroissable, des substances sont parfois ajout\u00e9es.<\/li>\n<\/ul>\n<p>Pour la saison froide qui commence, nombre d&rsquo;entre nous ressortiront pulls synth\u00e9tiques, manteaux color\u00e9s et \u00e9charpes flashy. Mais attention au <strong>contact prolong\u00e9<\/strong> de ces mati\u00e8res sur la peau, d&rsquo;autant plus si l&rsquo;on remarque une g\u00eane ou des r\u00e9actions inhabituelles.<\/p>\n<p> Quelques gestes simples pour s&rsquo;en pr\u00e9munir<\/p>\n<p>Face \u00e0 ces <a href=\"https:\/\/journaldesseniors.20minutes.fr\/sante\/le-airfryer-est-il-vraiment-sain-ce-compose-cancerogene-qui-inquiete-les-scientifiques\/\" target=\"_blank\" rel=\"noopener\">risques discrets<\/a> mais bien pr\u00e9sents, inutile de transformer son dressing en laboratoire de recherche ! Adopter quelques r\u00e9flexes peut aider \u00e0 <strong>tirer le meilleur parti<\/strong> de la mode sans compromettre sa sant\u00e9.<\/p>\n<p> Prioriser les mati\u00e8res naturelles<\/p>\n<p>La laine, le coton bio, le lin, ou encore la soie restent d&rsquo;<strong>excellentes alternatives<\/strong>, surtout pour les sous-v\u00eatements ou les pi\u00e8ces port\u00e9es \u00e0 m\u00eame la peau. Leur capacit\u00e9 \u00e0 laisser respirer l&rsquo;\u00e9piderme et leur douceur font la diff\u00e9rence, particuli\u00e8rement lors des variations de temp\u00e9rature automnales.<\/p>\n<p> Laver avant de porter<\/p>\n<p>Un passage en machine permet d&rsquo;\u00e9liminer une <strong>bonne partie des r\u00e9sidus chimiques<\/strong> des v\u00eatements neufs. Privil\u00e9giez un cycle doux et des produits lessiviels naturels pour limiter les risques d&rsquo;agressions cutan\u00e9es.<\/p>\n<p> Guetter les r\u00e9actions de la peau<\/p>\n<p>N&rsquo;h\u00e9sitez pas \u00e0 observer d&rsquo;\u00e9ventuels signes d&rsquo;inconfort (rougeurs, d\u00e9mangeaisons, petits boutons). Si un v\u00eatement neuf provoque un <strong>souci cutan\u00e9<\/strong>, mieux vaut l&rsquo;\u00e9carter et privil\u00e9gier une mati\u00e8re diff\u00e9rente.<\/p>\n<p> La vigilance au service de son bien-\u00eatre<\/p>\n<p>La course \u00e0 la nouveaut\u00e9 ne doit pas faire l&rsquo;impasse sur la s\u00e9curit\u00e9. Porter un beau pull synth\u00e9tique \u00e0 la mode ou une veste \u00e0 la teinte originale n&rsquo;a rien de r\u00e9pr\u00e9hensible\u2026 \u00e0 condition d&rsquo;en conna\u00eetre les limites. Pour les seniors, dont la peau devient parfois plus fine ou r\u00e9active avec l&rsquo;\u00e2ge, cette <strong>vigilance est d&rsquo;autant plus pertinente<\/strong>. \u00catre attentif au choix de ses v\u00eatements, surtout \u00e0 l&rsquo;automne o\u00f9 les \u00e9paisseurs s&rsquo;accumulent, c&rsquo;est aussi prendre soin de sa <a href=\"https:\/\/journaldesseniors.20minutes.fr\/sante\/combien-heures-sommeil-faut-il-vraiment-apres-60-ans-forme-sante\/\" target=\"_blank\" rel=\"noopener\">sant\u00e9 sur le long terme<\/a>.<\/p>\n<p>L&rsquo;Institut national de la consommation rappelle r\u00e9guli\u00e8rement qu&rsquo;<strong>une \u00e9tiquette rassurante ne fait pas tout<\/strong> : la composition et les finitions m\u00e9ritent d&rsquo;\u00eatre \u00e9tudi\u00e9es de pr\u00e8s. Mieux inform\u00e9, chacun peut alors faire son choix en toute connaissance de cause.<\/p>\n<p>Alors que notre <a href=\"https:\/\/journaldesseniors.20minutes.fr\/sante\/vous-mangez-1-de-ces-4-fruits-le-soir-pourquoi-nuisent-sommeil\/\" target=\"_blank\" rel=\"noopener\">mode de vie<\/a> \u00e9volue, choisir un dressing responsable devient un geste aussi important que celui de bien s&rsquo;alimenter ou de pratiquer une <a href=\"https:\/\/journaldesseniors.20minutes.fr\/sante\/quel-est-le-moment-ideal-pour-marcher-voici-ce-que-les-experts-recommandent-pour-maximiser-les-benefices\/\" target=\"_blank\" rel=\"noopener\">activit\u00e9 douce<\/a>. La mode doit demeurer un plaisir, sans jamais compromettre notre <strong>sant\u00e9 et notre confort quotidien<\/strong>.<\/p>\n","protected":false},"excerpt":{"rendered":"Le retour des feuilles mortes, la fra\u00eecheur du matin, les vitrines regorgeant de nouveaut\u00e9s\u2026 L&rsquo;automne 2025 est bel&hellip;\n","protected":false},"author":2,"featured_media":450531,"comment_status":"","ping_status":"","sticky":false,"template":"","format":"standard","meta":{"footnotes":""},"categories":[10],"tags":[1011,27,72,56,71],"class_list":{"0":"post-450530","1":"post","2":"type-post","3":"status-publish","4":"format-standard","5":"has-post-thumbnail","7":"category-sante","8":"tag-fr","9":"tag-france","10":"tag-health","11":"tag-push","12":"tag-sante"},"share_on_mastodon":{"url":"https:\/\/pubeurope.com\/@fr\/115345380182229132","error":""},"_links":{"self":[{"href":"https:\/\/www.europesays.com\/fr\/wp-json\/wp\/v2\/posts\/450530","targetHints":{"allow":["GET"]}}],"collection":[{"href":"https:\/\/www.europesays.com\/fr\/wp-json\/wp\/v2\/posts"}],"about":[{"href":"https:\/\/www.europesays.com\/fr\/wp-json\/wp\/v2\/types\/post"}],"author":[{"embeddable":true,"href":"https:\/\/www.europesays.com\/fr\/wp-json\/wp\/v2\/users\/2"}],"replies":[{"embeddable":true,"href":"https:\/\/www.europesays.com\/fr\/wp-json\/wp\/v2\/comments?post=450530"}],"version-history":[{"count":0,"href":"https:\/\/www.europesays.com\/fr\/wp-json\/wp\/v2\/posts\/450530\/revisions"}],"wp:featuredmedia":[{"embeddable":true,"href":"https:\/\/www.europesays.com\/fr\/wp-json\/wp\/v2\/media\/450531"}],"wp:attachment":[{"href":"https:\/\/www.europesays.com\/fr\/wp-json\/wp\/v2\/media?parent=450530"}],"wp:term":[{"taxonomy":"category","embeddable":true,"href":"https:\/\/www.europesays.com\/fr\/wp-json\/wp\/v2\/categories?post=450530"},{"taxonomy":"post_tag","embeddable":true,"href":"https:\/\/www.europesays.com\/fr\/wp-json\/wp\/v2\/tags?post=450530"}],"curies":[{"name":"wp","href":"https:\/\/api.w.org\/{rel}","templated":true}]}}