{"id":45054,"date":"2025-04-22T22:28:08","date_gmt":"2025-04-22T22:28:08","guid":{"rendered":"https:\/\/www.europesays.com\/fr\/45054\/"},"modified":"2025-04-22T22:28:08","modified_gmt":"2025-04-22T22:28:08","slug":"france-des-personnalites-revendiquent-leur-maladie-mentale-pour-faire-avancer-la-cause-psychiatrique","status":"publish","type":"post","link":"https:\/\/www.europesays.com\/fr\/45054\/","title":{"rendered":"France: des personnalit\u00e9s revendiquent leur maladie mentale pour faire avancer la cause psychiatrique"},"content":{"rendered":"<p>\n                                                \u00ab\u00a0Parlons sant\u00e9 mentale !\u00a0\u00bb. Autour de ce slogan, le gouvernement fran\u00e7ais a r\u00e9cemment d\u00e9cid\u00e9 de faire de la sant\u00e9 mentale une grande cause nationale en 2025. Et force est de constater que de plus en plus de personnalit\u00e9s, journalistes, artistes, ou encore sportifs connus divulguent au grand public leur maladie mentale. Le dernier exemple en date est celui de Nicolas Demorand, journaliste de la matinale de la radio publique France Inter. Il a annonc\u00e9 de mani\u00e8re crue au micro qu&rsquo;il \u00e9tait bipolaire depuis des ann\u00e9es. Une d\u00e9marche qui rel\u00e8ve de l&rsquo;intime et qui l\u00e8ve le voile sur ce qui \u00e9tait jusque-l\u00e0 tabou. Ce genre de r\u00e9v\u00e9lation peut-elle servir les malades atteint de troubles identiques ?                    <\/p>\n<p>\u00ab Comme des centaines de milliers de Fran\u00e7ais, je suis bipolaire. Si je me suis tu si longtemps, c&rsquo;est parce que la maladie mentale fait peur. Car la maladie mentale reste une maladie honteuse et que, oui, j&rsquo;avais honte. Mais j&rsquo;ai d\u00e9cid\u00e9 maintenant d&rsquo;en faire un combat\u00a0\u00bb, d\u00e9clare Nicolas Demorand, pr\u00e9sentateur de la matinale de France Inter, s&rsquo;adressant \u00e0 ses milliers d&rsquo;auditeurs.<\/p>\n<p>La honte dont parle le matinalier de la radio publique, Maxime Perez-Zitvogel la conna\u00eet bien. \u00c2g\u00e9 aujourd&rsquo;hui de 32 ans, il a \u00e9t\u00e9 diagnostiqu\u00e9 bipolaire, alternant phase d&rsquo;euphorie et p\u00e9riode de d\u00e9pression, il y a pr\u00e8s de dix ans. \u00ab\u00a0J&rsquo;ai vraiment eu honte au d\u00e9part. Vous vous rendez compte de tous les d\u00e9lires que vous avez eu et de tout l&rsquo;impact que cela a pu avoir sur votre entourage, sur vos amis. J&rsquo;ai d\u00fb arr\u00eater mes \u00e9tudes \u00e0 cause de cela. C&rsquo;est tr\u00e8s dur de se retrouver apr\u00e8s seul face \u00e0 tout cela, et de se dire \u00ab\u00a0mais pourquoi en fait ?\u00a0\u00bb \u00bb, confie-t-il. Aujourd&rsquo;hui, <a href=\"https:\/\/www.lespatientssengagent.fr\/maxime-perez-zitvogel-co-fondateur-de-la-maison-perchee\" target=\"_blank\" rel=\"noopener\"><strong>Maxime Perez-Zitvogel\u00a0a cofond\u00e9 la Maison perch\u00e9e<\/strong><\/a>, une structure d\u2019accueil pour les gens confront\u00e9s \u00e0 des troubles psychiques. Selon lui, il faut mettre en lumi\u00e8re la maladie mentale.<\/p>\n<p>Alors le fait que des journalistes, des com\u00e9diens, des artistes, des sportifs t\u00e9moignent au grand jour de leur maladie mentale est pour lui salutaire. \u00ab Cela fait huit ans que j&rsquo;attendais ce moment, qu&rsquo;une vedette prenne la parole sur le sujet. Pour que cela am\u00e8ne de la discussion. Moi, quand j&rsquo;\u00e9tais \u00e0 l&rsquo;h\u00f4pital, le fait de savoir que des gens comme Van Gogh ou Baudelaire l&rsquo;\u00e9taient, cela m&rsquo;a rassur\u00e9. Cela m&rsquo;a permis de me dire qu&rsquo;ils avaient quand m\u00eame du talent. Disons que ce fut quelque chose qui m&rsquo;a rassur\u00e9 et qui m&rsquo;a permis de m&rsquo;ancrer et de me dire que je pouvais tout de m\u00eame vivre avec cette maladie \u00bb, explique-t-il.<\/p>\n<p>La maladie mentale n&rsquo;est pas une maladie comme les autres, car elle est stigmatisante. Comme l&rsquo;explique le psychiatre Thierry Najman, c&rsquo;est difficile de vivre avec cette pathologie : \u00ab\u00a0Il y a \u00e0 peu pr\u00e8s 15 % des personnes diagnostiqu\u00e9es bipolaires qui vont d\u00e9c\u00e9der par suicide et qui vont avoir des trajectoires extr\u00eamement impact\u00e9es par la maladie. En termes de divorce, beaucoup plus fr\u00e9quents dans la population g\u00e9n\u00e9rale. En termes de perte d&#8217;emploi. Ce sont des trajectoires de vie accident\u00e9es. \u00bb<\/p>\n<p>Quand des personnalit\u00e9s publiques montrent qu&rsquo;avec un traitement, les malades peuvent vivre presque normalement, cela les aide. Le psychiatre encourage ces t\u00e9moignages de gens connus, tr\u00e8s b\u00e9n\u00e9fique pour les patients, mais il avertit. \u00ab\u00a0C&rsquo;est tr\u00e8s bien que les personnalit\u00e9s publiques fassent cette sorte de coming out \u2013 je ne sais pas comment il faut l&rsquo;appeler. En tout cas, qu&rsquo;elles puissent parler le plus simplement possible et de fa\u00e7on solidaire de leurs difficult\u00e9s personnelles et de leur maladie. Mais tout le monde n&rsquo;est pas une personnalit\u00e9 publique. Nicolas Demorand, Yannick Noah, Florent Manaudou ou d&rsquo;autres ont peut-\u00eatre la possibilit\u00e9 de trouver plus facilement une aide psychiatrique, un soutien. Mais ce n&rsquo;est pas le cas de monsieur et madame tout le monde. Je crois que c&rsquo;est important d&rsquo;en profiter pour dire que la psychiatrie traverse une crise extr\u00eamement profonde \u00bb, rappelle-t-il.\u00a0Un questionnement d&rsquo;autant plus pertinent que la sant\u00e9 mentale avait \u00e9t\u00e9 d\u00e9cr\u00e9t\u00e9e, en <a href=\"https:\/\/www.rfi.fr\/fr\/france\/\" target=\"_self\" rel=\"noopener\"><strong>France<\/strong><\/a>, grande cause nationale en 2025.<\/p>\n<p class=\"a-read-more\">\u00c0 \u00e9couter aussi<a href=\"https:\/\/www.rfi.fr\/fr\/podcasts\/invit\u00e9-france\/20241002-sant\u00e9-mentale-le-r\u00f4le-de-la-grande-cause-nationale-est-de-d\u00e9stigmatiser-la-psychiatrie\" target=\"_self\" class=\"a-read-more__link\" rel=\"noopener\">Sant\u00e9 mentale: \u00abLe r\u00f4le de la grande cause nationale est de d\u00e9stigmatiser la psychiatrie\u00bb<\/a><\/p>\n","protected":false},"excerpt":{"rendered":"\u00ab\u00a0Parlons sant\u00e9 mentale !\u00a0\u00bb. Autour de ce slogan, le gouvernement fran\u00e7ais a r\u00e9cemment d\u00e9cid\u00e9 de faire de la&hellip;\n","protected":false},"author":2,"featured_media":45055,"comment_status":"","ping_status":"","sticky":false,"template":"","format":"standard","meta":{"footnotes":""},"categories":[4],"tags":[11,1011,27,500,12,5920,25,2362,104],"class_list":{"0":"post-45054","1":"post","2":"type-post","3":"status-publish","4":"format-standard","5":"has-post-thumbnail","7":"category-france","8":"tag-actualites","9":"tag-fr","10":"tag-france","11":"tag-medias","12":"tag-news","13":"tag-reportage-france","14":"tag-republique-francaise","15":"tag-sante-et-medecine","16":"tag-societe"},"share_on_mastodon":{"url":"https:\/\/pubeurope.com\/@fr\/114383978711646389","error":""},"_links":{"self":[{"href":"https:\/\/www.europesays.com\/fr\/wp-json\/wp\/v2\/posts\/45054","targetHints":{"allow":["GET"]}}],"collection":[{"href":"https:\/\/www.europesays.com\/fr\/wp-json\/wp\/v2\/posts"}],"about":[{"href":"https:\/\/www.europesays.com\/fr\/wp-json\/wp\/v2\/types\/post"}],"author":[{"embeddable":true,"href":"https:\/\/www.europesays.com\/fr\/wp-json\/wp\/v2\/users\/2"}],"replies":[{"embeddable":true,"href":"https:\/\/www.europesays.com\/fr\/wp-json\/wp\/v2\/comments?post=45054"}],"version-history":[{"count":0,"href":"https:\/\/www.europesays.com\/fr\/wp-json\/wp\/v2\/posts\/45054\/revisions"}],"wp:featuredmedia":[{"embeddable":true,"href":"https:\/\/www.europesays.com\/fr\/wp-json\/wp\/v2\/media\/45055"}],"wp:attachment":[{"href":"https:\/\/www.europesays.com\/fr\/wp-json\/wp\/v2\/media?parent=45054"}],"wp:term":[{"taxonomy":"category","embeddable":true,"href":"https:\/\/www.europesays.com\/fr\/wp-json\/wp\/v2\/categories?post=45054"},{"taxonomy":"post_tag","embeddable":true,"href":"https:\/\/www.europesays.com\/fr\/wp-json\/wp\/v2\/tags?post=45054"}],"curies":[{"name":"wp","href":"https:\/\/api.w.org\/{rel}","templated":true}]}}