{"id":450541,"date":"2025-10-09T17:31:17","date_gmt":"2025-10-09T17:31:17","guid":{"rendered":"https:\/\/www.europesays.com\/fr\/450541\/"},"modified":"2025-10-09T17:31:17","modified_gmt":"2025-10-09T17:31:17","slug":"une-fregate-de-la-marine-francaise-a-intercepte-une-menace-supersonique-avec-un-missile-aster-lors-dun-exercice","status":"publish","type":"post","link":"https:\/\/www.europesays.com\/fr\/450541\/","title":{"rendered":"Une fr\u00e9gate de la marine fran\u00e7aise a intercept\u00e9 une \u00ab\u00a0menace supersonique\u00a0\u00bb avec un missile Aster lors d\u2019un exercice"},"content":{"rendered":"<p>Un exercice pour s\u2019entra\u00eener \u00e0 l\u2019interception de <a href=\"https:\/\/www.20minutes.fr\/societe\/4159550-20250622-guerre-missiles-croisiere-balistiques-hypersoniques-differences-utilisations\" class=\"c-link c-link--is-underlined\" target=\"_blank\" rel=\"noopener\">menace supersonique<\/a>. Le 7\u00a0octobre, la <a href=\"https:\/\/www.20minutes.fr\/monde\/4173798-20250918-naval-grece-apprete-commander-quatrieme-fregate-defense-intervention-belharra-france\" class=\"c-link c-link--is-underlined\" target=\"_blank\" rel=\"noopener\">fr\u00e9gate<\/a> multimissions \u00e0 capacit\u00e9 de d\u00e9fense a\u00e9rienne renforc\u00e9e (FREMM DA) Alsace \u00ab\u00a0a r\u00e9alis\u00e9 avec succ\u00e8s un tir de <a href=\"https:\/\/www.20minutes.fr\/monde\/4173321-20250916-message-washington-plutot-patriot-americain-danemark-choisit-systeme-antimissiles-franco-italien\" class=\"c-link c-link--is-underlined\" target=\"_blank\" rel=\"noopener\">missile antia\u00e9rien Aster 30<\/a> contre une cible supersonique tir\u00e9e depuis un <a href=\"https:\/\/www.20minutes.fr\/dossier\/rafale\" class=\"c-link c-link--is-underlined\" target=\"_blank\" rel=\"noopener\">Rafale<\/a> Marine\u00a0\u00bb du CEPA\/10S, annonce ce jeudi le minist\u00e8re des Arm\u00e9es. \u00ab Le type exacte de missile ainsi que sa vitesse d\u2019interception sont classifi\u00e9s \u00bb indique le minist\u00e8re des Arm\u00e9es. Les missiles supersoniques peuvent \u00e9voluer \u00e0 la vitesse sup\u00e9rieure \u00e0 celle du son (Mach 1) et g\u00e9n\u00e9ralement jusqu\u2019\u00e0 Mach 5 (environ 6.000 km\/h).<\/p>\n<blockquote class=\"twitter-tweet\" align=\"center\" data-lang=\"fr_FR\">\n<p lang=\"fr\" dir=\"ltr\">\ud83d\udca5<a href=\"https:\/\/twitter.com\/hashtag\/Tir?src=hash&amp;ref_src=twsrc%5Etfw\" target=\"_blank\" rel=\"noopener\">#Tir<\/a> | La FREMM DA Alsace r\u00e9alise avec succ\u00e8s un tir de missile antia\u00e9rien Aster 30. Objectif\u00a0: intercepter une cible supersonique tir\u00e9e depuis un Rafale Marine. Faire face \u00e0 des situations de haute intensit\u00e9 susceptibles d\u2019\u00eatre rencontr\u00e9es par les navires en op\u00e9ration. <a href=\"https:\/\/t.co\/hhREAVf6f3\">https:\/\/t.co\/hhREAVf6f3<\/a> <a href=\"https:\/\/t.co\/DcLp31v4Qy\">pic.twitter.com\/DcLp31v4Qy<\/a><\/p>\n<p>\u2014 Marine nationale (@MarineNationale) <a href=\"https:\/\/twitter.com\/MarineNationale\/status\/1976276504636969353?ref_src=twsrc%5Etfw\" target=\"_blank\" rel=\"noopener\">October 9, 2025<\/a><\/p><\/blockquote>\n<p class=\"mb-xxl@xs color-ultramarine font-weight-semi-bold@xs font-source-serif-pro heading-s@xs\">L\u2019acc\u00e8s \u00e0 ce contenu a \u00e9t\u00e9 bloqu\u00e9 afin de respecter votre choix de consentement<\/p>\n<p class=\"mb-m@xs text-l@xs\">En cliquant sur\u00ab J\u2019accepte \u00bb, vous acceptez le d\u00e9p\u00f4t de cookies par des services externes et aurez ainsi acc\u00e8s aux contenus de nos partenaires.<\/p>\n<p class=\"mb-xl@xs text-s@xs\">Plus d\u2019informations sur la page<a href=\"https:\/\/www.20minutes.fr\/gestion-cookies\" class=\"mx-xxs@xs color-ultramarine\" target=\"_blank\" rel=\"noopener\">Politique de gestion des cookies<\/a><\/p>\n<p>J\u2019accepte<\/p>\n<p>\u00ab\u00a0Ce type de tir entra\u00eene les \u00e9quipages \u00e0 faire face \u00e0 des situations de haute intensit\u00e9 susceptibles d\u2019\u00eatre rencontr\u00e9es par les b\u00e2timents de combat de la Marine nationale sur les th\u00e9\u00e2tres d\u2019op\u00e9ration\u00a0\u00bb, explique le minist\u00e8re dans un communiqu\u00e9.<\/p>\n<p>Il peut atteindre la vitesse de 5.500 km\/heure<\/p>\n<p>Cet entra\u00eenement souligne par ailleurs \u00ab\u00a0l\u2019exigence de r\u00e9alisme apport\u00e9e \u00e0 l\u2019entra\u00eenement des forces, afin qu\u2019elles soient en mesure de contrer efficacement les menaces haut du spectre, actuelles comme futures\u00a0\u00bb. Il t\u00e9moigne \u00e9galement \u00ab\u00a0de la constante adaptation de la Marine nationale aux nouvelles formes de conflictualit\u00e9 et de menaces\u00a0\u00bb.<\/p>\n<p><img decoding=\"async\" alt=\"Mise \u00e0 feu du missile Aster 30 sur la fr\u00e9gate Alsace.\" class=\"c-img\" loading=\"lazy\" fetchpriority=\"auto\" width=\"718\"  src=\"https:\/\/img.20mn.fr\/DMRxAu08SiGH0zq-D1nY1Ck\/718x0\" \/>Mise \u00e0 feu du missile Aster 30 sur la fr\u00e9gate Alsace.\u2002-\u00a0\u00a9Pauline Misse\/Marine Nationale\/D\u00e9fense<\/p>\n<p>La fr\u00e9gate Alsace avait intercept\u00e9 pour la premi\u00e8re fois \u00e0 l\u2019aide d\u2019Aster 30 des missiles balistiques, lors d\u2019une op\u00e9ration en Mer Rouge en mars\u00a02024. Il s\u2019agissait de trois missiles houthis en provenance du Y\u00e9men. Le minist\u00e8re des Arm\u00e9es pr\u00e9cis\u00e9 a 20 Minutes que \u00ab la FDA Forbin a elle aussi d\u00e9j\u00e0 \u00e9t\u00e9 confront\u00e9e \u00e0 ce type de menace lors d\u2019un d\u00e9ploiement. \u00bb<\/p>\n<p>Le missile Aster 30, d\u00e9velopp\u00e9 par <a href=\"https:\/\/www.20minutes.fr\/societe\/4159028-20250618-salon-bourget-delegations-industriels-plus-focalises-guerre-ukraine-conflit-israel-iran\" class=\"c-link c-link--is-underlined\" target=\"_blank\" rel=\"noopener\">MBDA<\/a> pour des capacit\u00e9s de d\u00e9fense a\u00e9rienne, peut intercepter des avions, des drones, des missiles de croisi\u00e8re et donc des missiles balistiques, dans un rayon de 120 kilom\u00e8tres et jusqu\u2019\u00e0 une altitude de 20.000 m\u00e8tres. Il peut atteindre la vitesse de 5.500 km\/heure.<\/p>\n<\/p>\n<p>Une variante, l\u2019Aster 30 B1NT, sera capable de frapper une cible \u00e0 25.000 m\u00e8tres d\u2019altitude et dans un rayon de 150 kilom\u00e8tres et interceptera des missiles balistiques de moyenne port\u00e9e et des missiles hypersoniques, qui se d\u00e9placent \u00e0 des vitesses d\u00e9passant cinq fois la vitesse du son (Mach 5, 6.000 km\/h).<\/p>\n<p>MBDA veut diviser par deux le cycle de production des Aster<\/p>\n<p>Afin de renforcer les capacit\u00e9s de d\u00e9fense a\u00e9rienne de la France, de l\u2019Italie et la Grande-Bretagne, MBDA a livr\u00e9 le 23\u00a0juillet dernier un premier lot de missiles Aster (en versions 15 et 30) command\u00e9s en d\u00e9cembre\u00a02022, compl\u00e9t\u00e9 par une nouvelle commande en f\u00e9vrier\u00a02025, d&rsquo;un total de pr\u00e8s de 1.000 missiles Aster pour les forces arm\u00e9es de ces trois pays.<\/p>\n<p>\u00ab\u00a0Cette livraison constitue une premi\u00e8re \u00e9tape vers les objectifs de r\u00e9duction des d\u00e9lais de production annonc\u00e9s\u00a0\u00bb a indiqu\u00e9 MBDA, qui vise \u00e0 diviser par deux le cycle de production des missiles Aster en\u00a02026, par rapport \u00e0\u00a02022, et \u00e0 livrer en\u00a02025 cinq fois plus de missiles Aster qu\u2019initialement pr\u00e9vu.<\/p>\n<p><script async src=\"https:\/\/platform.twitter.com\/widgets.js\" charset=\"utf-8\"><\/script><\/p>\n","protected":false},"excerpt":{"rendered":"Un exercice pour s\u2019entra\u00eener \u00e0 l\u2019interception de menace supersonique. Le 7\u00a0octobre, la fr\u00e9gate multimissions \u00e0 capacit\u00e9 de d\u00e9fense&hellip;\n","protected":false},"author":2,"featured_media":450542,"comment_status":"","ping_status":"","sticky":false,"template":"","format":"standard","meta":{"footnotes":""},"categories":[4],"tags":[47,11,1813,554,1011,27,567,3343,11678,12,25,104],"class_list":{"0":"post-450541","1":"post","2":"type-post","3":"status-publish","4":"format-standard","5":"has-post-thumbnail","7":"category-france","8":"tag-actualite","9":"tag-actualites","10":"tag-armee","11":"tag-defense","12":"tag-fr","13":"tag-france","14":"tag-marine-nationale","15":"tag-missile","16":"tag-navire","17":"tag-news","18":"tag-republique-francaise","19":"tag-societe"},"share_on_mastodon":{"url":"https:\/\/pubeurope.com\/@fr\/115345403640059210","error":""},"_links":{"self":[{"href":"https:\/\/www.europesays.com\/fr\/wp-json\/wp\/v2\/posts\/450541","targetHints":{"allow":["GET"]}}],"collection":[{"href":"https:\/\/www.europesays.com\/fr\/wp-json\/wp\/v2\/posts"}],"about":[{"href":"https:\/\/www.europesays.com\/fr\/wp-json\/wp\/v2\/types\/post"}],"author":[{"embeddable":true,"href":"https:\/\/www.europesays.com\/fr\/wp-json\/wp\/v2\/users\/2"}],"replies":[{"embeddable":true,"href":"https:\/\/www.europesays.com\/fr\/wp-json\/wp\/v2\/comments?post=450541"}],"version-history":[{"count":0,"href":"https:\/\/www.europesays.com\/fr\/wp-json\/wp\/v2\/posts\/450541\/revisions"}],"wp:featuredmedia":[{"embeddable":true,"href":"https:\/\/www.europesays.com\/fr\/wp-json\/wp\/v2\/media\/450542"}],"wp:attachment":[{"href":"https:\/\/www.europesays.com\/fr\/wp-json\/wp\/v2\/media?parent=450541"}],"wp:term":[{"taxonomy":"category","embeddable":true,"href":"https:\/\/www.europesays.com\/fr\/wp-json\/wp\/v2\/categories?post=450541"},{"taxonomy":"post_tag","embeddable":true,"href":"https:\/\/www.europesays.com\/fr\/wp-json\/wp\/v2\/tags?post=450541"}],"curies":[{"name":"wp","href":"https:\/\/api.w.org\/{rel}","templated":true}]}}