{"id":450543,"date":"2025-10-09T17:32:13","date_gmt":"2025-10-09T17:32:13","guid":{"rendered":"https:\/\/www.europesays.com\/fr\/450543\/"},"modified":"2025-10-09T17:32:13","modified_gmt":"2025-10-09T17:32:13","slug":"le-secretaire-general-de-lelysee-a-participe-au-pot-de-depart-en-detention-de-nicolas-sarkozy-mediapart","status":"publish","type":"post","link":"https:\/\/www.europesays.com\/fr\/450543\/","title":{"rendered":"Le secr\u00e9taire g\u00e9n\u00e9ral de l\u2019\u00c9lys\u00e9e a particip\u00e9 au pot de d\u00e9part en d\u00e9tention de Nicolas Sarkozy &#8211; Mediapart"},"content":{"rendered":"<ol>\n<li><a href=\"https:\/\/news.google.com\/rss\/articles\/CBMi2gFBVV95cUxNdjdUZ0tZRjFReFcwLVNNMEJQYVBUbTgyS0Q4Uk1pcGJ6dXJJamFhaVhUYjBOT2pnYXJnMHJXaGxpckNRYTlmUkx0ZzRpMkMwOFMwTTU5NFJGNEd1eEExWUlFYjJUbXp5Yk4tUVRYclpyQ3RtdGRUVTVLMXRnZUh2NXdsMmU3Vy1ya1RXNDJfVVczYy1LYjlkLXQ3ZUUzZ2tSVjQwMmttTVpuWlBwQTlUZnBWUnZ4dlFmLVdsWWcxWFBnbGNuU24zNkUya0VhcGFfZHpLR2NmQWtLUQ?oc=5\" target=\"_blank\" rel=\"noopener\">Le secr\u00e9taire g\u00e9n\u00e9ral de l\u2019\u00c9lys\u00e9e a particip\u00e9 au pot de d\u00e9part en d\u00e9tention de Nicolas Sarkozy<\/a>&nbsp;&nbsp;Mediapart<\/li>\n<li><a href=\"https:\/\/news.google.com\/rss\/articles\/CBMi7gFBVV95cUxNeFp6Qlg2ZENQMmZhb0M4Sk9leU4xQm1mNUhULVptbXVCLXdVbWJ5NDZCMUFxeHFLdWpXNm1haGN6R2ctQkNkVHA5d29sMnpsZFpfY1dCempjSzloR2lrN3RCSlZwZnNDZjh6WlN1QTZFRFRWWHRTOGUwaklKS2lGQWMzQzJHSXFpTkxUVjlxY00xOUpNUzR4dFJNci1GQTB0c0NYZkFQS2Q1di02Nk9KZVJKM0pPbTZoQnZ0cTJBSGtJZ2R4N082NXRHWC1CQ1RfMmZYUGtlVVNoenZiZERFS0JKUnlvbVhCYlh0YldB?oc=5\" target=\"_blank\" rel=\"noopener\">\u00abLa fin de l\u2019histoire n\u2019est pas \u00e9crite\u00bb, Nicolas Sarkozy exprime sa gratitude devant ses anciens collaborateurs<\/a>&nbsp;&nbsp;Le Figaro<\/li>\n<li><a href=\"https:\/\/news.google.com\/rss\/articles\/CBMiwAFBVV95cUxQZEFzWVdZNk1oMnpDQ3MxWnYtX2dsSDB3ckh4aFlBOXY0alRSM09pclg3X1Qxb3hLNTRleDZORC1TUGNyZl9ob1VQNEwxcUlaTkFDUndPQThuUXRrWVpwRFZyS2Jsbm1aTHJuQXVMNlNiVkZaRlBXVXdnZW4tQ011QWdWcGREOWY5empLM2Z6RFdEYlBxaFA3bWxzaVNhaUlIUk1zQ1NvV2p1VjllcTBHMUJ3S3VUUUl2QW1fSjF4djY?oc=5\" target=\"_blank\" rel=\"noopener\">Condamnation de Nicolas Sarkozy : L&rsquo;ex-pr\u00e9sident s\u2019offre une op\u00e9ration d\u00e9minage avant son embastillement<\/a>&nbsp;&nbsp;Le Canard encha\u00een\u00e9<\/li>\n<li><a href=\"https:\/\/news.google.com\/rss\/articles\/CBMiigJBVV95cUxNZFdiMXlObVdHSkhJVWQtQ0MtWVl5SWlLZmktbzEteVFGYWRycm5QRHNJZGJRQmpsZ2lNUTRzZFkxUmJnMDBhV3Y1UksxNTVBUFpKQVp2VG1kTE1hMmoyWDFHSUxzRTE1VGJfR1FzWlcwODJHS3NkT2FEM1lOcW5lVWtxdHd1VzlvTmlyZUVzd1dDdERvdFV0Ri1GamVzaldRRjRFOWdpbG5DNl8zYi1uSHhwNTU2T3VzeUxPUGctLWZWQXlPbTZGelRrZFFFOURORDd6TUdQMnFPb3pyY3I0V0lSNFVKd0k5UmE1TUxjWW1ZQjFmbjV4MkFPb1RYckh4M1NoQnM1SHVjdw?oc=5\" target=\"_blank\" rel=\"noopener\">Nicolas Sarkozy condamn\u00e9 \u00e0 une incarc\u00e9ration sans attendre son appel : pourquoi cette \u00ab ex\u00e9cution provisoire \u00bb est banale<\/a>&nbsp;&nbsp;Sud Ouest<\/li>\n<li><a href=\"https:\/\/news.google.com\/rss\/articles\/CBMi-gFBVV95cUxPSEZYTTh2RkE1VENNelNGVzZLTXZnWHlsV25nRXVtUGNVQV80X0l3MllzNEtnZ1RhSnlFbHdiQlFTT0ZhOTRxbGFfT1lXNjJwZ19wNE5ORGstb0FCR2hJOWNrVGRBSXJLUXBKbzRrQUxPcURJcWR2S1pEWlVrbVFpNHU2VDBIWHNzX3gyVzQ4Rl9oNlhVcU9kODZNWVNZbkNVTnJaM1NMdTFnYWh5SGJ2clNtUmt3YUJDSndWMVpUV3ZXTS02eEZoa3p1N1l6Ymphekc2S1lDcXFBcHdGbWFScjVaWjltSG1seDIyX01BcDk4ZmFXYzNYLVd3?oc=5\" target=\"_blank\" rel=\"noopener\">Magistrate menac\u00e9e apr\u00e8s la condamnation de Nicolas Sarkozy: \u00ab\u00a0C&rsquo;est insupportable\u00a0\u00bb, affirme \u00c9ric Dupond-Moretti<\/a>&nbsp;&nbsp;BFMTV<\/li>\n<\/ol>\n","protected":false},"excerpt":{"rendered":"Le secr\u00e9taire g\u00e9n\u00e9ral de l\u2019\u00c9lys\u00e9e a particip\u00e9 au pot de d\u00e9part en d\u00e9tention de Nicolas Sarkozy&nbsp;&nbsp;Mediapart \u00abLa fin&hellip;\n","protected":false},"author":2,"featured_media":450544,"comment_status":"","ping_status":"","sticky":false,"template":"","format":"standard","meta":{"footnotes":""},"categories":[2],"tags":[11,10670,1011,27,303,12,3091],"class_list":{"0":"post-450543","1":"post","2":"type-post","3":"status-publish","4":"format-standard","5":"has-post-thumbnail","7":"category-actualites","8":"tag-actualites","9":"tag-emmanuel-moulin","10":"tag-fr","11":"tag-france","12":"tag-justice","13":"tag-news","14":"tag-nicolas-sarkozy"},"share_on_mastodon":{"url":"","error":""},"_links":{"self":[{"href":"https:\/\/www.europesays.com\/fr\/wp-json\/wp\/v2\/posts\/450543","targetHints":{"allow":["GET"]}}],"collection":[{"href":"https:\/\/www.europesays.com\/fr\/wp-json\/wp\/v2\/posts"}],"about":[{"href":"https:\/\/www.europesays.com\/fr\/wp-json\/wp\/v2\/types\/post"}],"author":[{"embeddable":true,"href":"https:\/\/www.europesays.com\/fr\/wp-json\/wp\/v2\/users\/2"}],"replies":[{"embeddable":true,"href":"https:\/\/www.europesays.com\/fr\/wp-json\/wp\/v2\/comments?post=450543"}],"version-history":[{"count":0,"href":"https:\/\/www.europesays.com\/fr\/wp-json\/wp\/v2\/posts\/450543\/revisions"}],"wp:featuredmedia":[{"embeddable":true,"href":"https:\/\/www.europesays.com\/fr\/wp-json\/wp\/v2\/media\/450544"}],"wp:attachment":[{"href":"https:\/\/www.europesays.com\/fr\/wp-json\/wp\/v2\/media?parent=450543"}],"wp:term":[{"taxonomy":"category","embeddable":true,"href":"https:\/\/www.europesays.com\/fr\/wp-json\/wp\/v2\/categories?post=450543"},{"taxonomy":"post_tag","embeddable":true,"href":"https:\/\/www.europesays.com\/fr\/wp-json\/wp\/v2\/tags?post=450543"}],"curies":[{"name":"wp","href":"https:\/\/api.w.org\/{rel}","templated":true}]}}