{"id":450546,"date":"2025-10-09T17:34:22","date_gmt":"2025-10-09T17:34:22","guid":{"rendered":"https:\/\/www.europesays.com\/fr\/450546\/"},"modified":"2025-10-09T17:34:22","modified_gmt":"2025-10-09T17:34:22","slug":"quand-un-auteur-stephanois-en-ressuscite-un-autre","status":"publish","type":"post","link":"https:\/\/www.europesays.com\/fr\/450546\/","title":{"rendered":"quand un auteur st\u00e9phanois en ressuscite un autre"},"content":{"rendered":"<p>Apr\u00e8s Le Maillot de Larqu\u00e9 sorti au printemps, l\u2019auteur st\u00e9phanois Thierry Poyet met en avant une autre figure locale. Beaucoup moins connue cette fois. Sp\u00e9cialiste des \u00e9crivains c\u00e9l\u00e9br\u00e9s en leur temps mais oubli\u00e9s de nos jours, le professeur de litt\u00e9rature \u00e0 l\u2019universit\u00e9 de Clermont-Ferrand publie un roman biographique sur \u00c9mile Clermont.<\/p>\n<p>\u00ab\u00a0Il a le m\u00eame profil qu\u2019un \u00e9crivain comme Alain Fournier\u00a0\u00bb, estime Thierry Poyet. S\u2019il a connu la m\u00eame fin tragique que l\u2019auteur du Grand Maulnes , \u00c9mile Clermont n\u2019est&#8230;<\/p>\n","protected":false},"excerpt":{"rendered":"Apr\u00e8s Le Maillot de Larqu\u00e9 sorti au printemps, l\u2019auteur st\u00e9phanois Thierry Poyet met en avant une autre figure&hellip;\n","protected":false},"author":2,"featured_media":450547,"comment_status":"","ping_status":"","sticky":false,"template":"","format":"standard","meta":{"footnotes":""},"categories":[9653],"tags":[1111,11,2430,1687,7539,1777,674,1011,27,2410,12,25,4001,7538],"class_list":{"0":"post-450546","1":"post","2":"type-post","3":"status-publish","4":"format-standard","5":"has-post-thumbnail","7":"category-saint-etienne","8":"tag-actu","9":"tag-actualites","10":"tag-auvergne-rhone-alpes","11":"tag-culture-loisirs","12":"tag-edition-loire-sud","13":"tag-eu","14":"tag-europe","15":"tag-fr","16":"tag-france","17":"tag-livres-bd","18":"tag-news","19":"tag-republique-francaise","20":"tag-saint-etienne","21":"tag-saint-etienne-ville"},"share_on_mastodon":{"url":"https:\/\/pubeurope.com\/@fr\/115345415420883631","error":""},"_links":{"self":[{"href":"https:\/\/www.europesays.com\/fr\/wp-json\/wp\/v2\/posts\/450546","targetHints":{"allow":["GET"]}}],"collection":[{"href":"https:\/\/www.europesays.com\/fr\/wp-json\/wp\/v2\/posts"}],"about":[{"href":"https:\/\/www.europesays.com\/fr\/wp-json\/wp\/v2\/types\/post"}],"author":[{"embeddable":true,"href":"https:\/\/www.europesays.com\/fr\/wp-json\/wp\/v2\/users\/2"}],"replies":[{"embeddable":true,"href":"https:\/\/www.europesays.com\/fr\/wp-json\/wp\/v2\/comments?post=450546"}],"version-history":[{"count":0,"href":"https:\/\/www.europesays.com\/fr\/wp-json\/wp\/v2\/posts\/450546\/revisions"}],"wp:featuredmedia":[{"embeddable":true,"href":"https:\/\/www.europesays.com\/fr\/wp-json\/wp\/v2\/media\/450547"}],"wp:attachment":[{"href":"https:\/\/www.europesays.com\/fr\/wp-json\/wp\/v2\/media?parent=450546"}],"wp:term":[{"taxonomy":"category","embeddable":true,"href":"https:\/\/www.europesays.com\/fr\/wp-json\/wp\/v2\/categories?post=450546"},{"taxonomy":"post_tag","embeddable":true,"href":"https:\/\/www.europesays.com\/fr\/wp-json\/wp\/v2\/tags?post=450546"}],"curies":[{"name":"wp","href":"https:\/\/api.w.org\/{rel}","templated":true}]}}