{"id":450550,"date":"2025-10-09T17:36:15","date_gmt":"2025-10-09T17:36:15","guid":{"rendered":"https:\/\/www.europesays.com\/fr\/450550\/"},"modified":"2025-10-09T17:36:15","modified_gmt":"2025-10-09T17:36:15","slug":"football-las-nancy-lorraine-contre-lasnl-une-opposition-interne-prevue-a-picot-a-huis-clos","status":"publish","type":"post","link":"https:\/\/www.europesays.com\/fr\/450550\/","title":{"rendered":"Football. L\u2019AS Nancy Lorraine contre\u2026 l\u2019ASNL\u00a0! Une opposition interne pr\u00e9vue \u00e0 Picot \u00e0 huis clos"},"content":{"rendered":"<p><a href=\"https:\/\/www.estrepublicain.fr\/sport\/2025\/10\/03\/ligue-2-suivez-le-deplacement-de-l-as-nancy-lorraine-a-guingamp-avec-nous\" target=\"_blank\" rel=\"noopener\">Du d\u00e9placement \u00e0 Guingamp le vendredi 3\u00a0octobre<\/a> , jusqu\u2019au match du retour du public \u00e0 Picot, contre Amiens, lors de la 10e\u00a0 journ\u00e9e de Ligue 2 (d\u00e9cal\u00e9 au lundi 20\u00a0octobre), cela fait une longue coupure internationale pour l\u2019ASNL. C\u2019est pour cette raison, notamment, que <a href=\"https:\/\/www.estrepublicain.fr\/p\/pablo-correa\" target=\"_blank\" rel=\"noopener\">Pablo Correa<\/a>et son staff ont donn\u00e9 quatre jours de repos aux joueurs, apr\u00e8s le voyage au Roudourou.<\/p>\n<p>L\u2019effectif nanc\u00e9ien a repris l\u2019entra\u00eenement mercredi avec l\u2019id\u00e9e de bien profiter de cette tr\u00eave internationale pour pr\u00e9parer la suite du championnat, copieuse, avec quatre matches en onze jours (Amiens, Montpellier, Bastia, Le\u00a0Mans). Du travail physique est pr\u00e9vu, mais pas seulement, bien s\u00fbr. Les footballeurs au chardon vont garder le rythme d\u2019un match et les rep\u00e8res qui vont avec, \u00e0 l\u2019occasion d\u2019une opposition interne. Un \u00ab\u00a0onze contre onze\u00a0\u00bb, avec quelques jeunes, qui se d\u00e9roulera ce samedi au stade Marcel-Picot, \u00e0 huis clos.<\/p>\n<p>Cela permettra \u00e9galement de tester diff\u00e9rentes options pour remplacer, face \u00e0 Amiens, Maxence Carlier et Nehemiah Fernandez suspendus, apr\u00e8s leur carton rouge re\u00e7u \u00e0 Guingamp. Maxence Carlier a \u00e9cop\u00e9 d\u2019un match ferme, plus un match avec sursis, et Nehemiah Fernandez n\u2019a pris que le match automatique.<\/p>\n","protected":false},"excerpt":{"rendered":"Du d\u00e9placement \u00e0 Guingamp le vendredi 3\u00a0octobre , jusqu\u2019au match du retour du public \u00e0 Picot, contre Amiens,&hellip;\n","protected":false},"author":2,"featured_media":450551,"comment_status":"","ping_status":"","sticky":false,"template":"","format":"standard","meta":{"footnotes":""},"categories":[9635],"tags":[1111,11,3703,1704,1777,674,107,1701,63,1011,27,775,1702,1703,12,25,517,1700],"class_list":{"0":"post-450550","1":"post","2":"type-post","3":"status-publish","4":"format-standard","5":"has-post-thumbnail","7":"category-nancy","8":"tag-actu","9":"tag-actualites","10":"tag-asnl","11":"tag-edition-nancy-et-agglomeration","12":"tag-eu","13":"tag-europe","14":"tag-fil-info","15":"tag-fil-info-sport","16":"tag-football","17":"tag-fr","18":"tag-france","19":"tag-grand-est","20":"tag-nancy","21":"tag-nancy-ville-54b","22":"tag-news","23":"tag-republique-francaise","24":"tag-sport","25":"tag-sport-lorrain"},"share_on_mastodon":{"url":"https:\/\/pubeurope.com\/@fr\/115345423329647645","error":""},"_links":{"self":[{"href":"https:\/\/www.europesays.com\/fr\/wp-json\/wp\/v2\/posts\/450550","targetHints":{"allow":["GET"]}}],"collection":[{"href":"https:\/\/www.europesays.com\/fr\/wp-json\/wp\/v2\/posts"}],"about":[{"href":"https:\/\/www.europesays.com\/fr\/wp-json\/wp\/v2\/types\/post"}],"author":[{"embeddable":true,"href":"https:\/\/www.europesays.com\/fr\/wp-json\/wp\/v2\/users\/2"}],"replies":[{"embeddable":true,"href":"https:\/\/www.europesays.com\/fr\/wp-json\/wp\/v2\/comments?post=450550"}],"version-history":[{"count":0,"href":"https:\/\/www.europesays.com\/fr\/wp-json\/wp\/v2\/posts\/450550\/revisions"}],"wp:featuredmedia":[{"embeddable":true,"href":"https:\/\/www.europesays.com\/fr\/wp-json\/wp\/v2\/media\/450551"}],"wp:attachment":[{"href":"https:\/\/www.europesays.com\/fr\/wp-json\/wp\/v2\/media?parent=450550"}],"wp:term":[{"taxonomy":"category","embeddable":true,"href":"https:\/\/www.europesays.com\/fr\/wp-json\/wp\/v2\/categories?post=450550"},{"taxonomy":"post_tag","embeddable":true,"href":"https:\/\/www.europesays.com\/fr\/wp-json\/wp\/v2\/tags?post=450550"}],"curies":[{"name":"wp","href":"https:\/\/api.w.org\/{rel}","templated":true}]}}