{"id":45056,"date":"2025-04-22T22:31:08","date_gmt":"2025-04-22T22:31:08","guid":{"rendered":"https:\/\/www.europesays.com\/fr\/45056\/"},"modified":"2025-04-22T22:31:08","modified_gmt":"2025-04-22T22:31:08","slug":"un-international-australien-rejoint-bayonne","status":"publish","type":"post","link":"https:\/\/www.europesays.com\/fr\/45056\/","title":{"rendered":"un international australien rejoint Bayonne"},"content":{"rendered":"<p>L\u2019Aviron Bayonnais a annonc\u00e9, ce mardi soir, l\u2019arriv\u00e9e du troisi\u00e8me ligne aile Rob Leota pour les deux prochaines saisons.<\/p>\n<p class=\"fig-paragraph\">Une recrue de poids \u00e0 Bayonne. Actuel 4e du Top 14,\u00a0<a href=\"http:\/\/www.lefigaro.fr\/sports\/rugby\/coupe-d-europe\/challenge-cup-dans-un-match-rugueux-et-ouvert-bayonne-elimine-par-les-bulls-sud-africains-20250405\" target=\"_blank\" data-fig-type=\"NewsFlash\" rel=\"noopener\" data-gtm-custom-categorie=\"navigation\" data-gtm-custom-action=\"crossclick\" data-gtm-custom-label=\"Contextuel\" data-gtm-event=\"customEventSPE\" data-fig-domain=\"LEFIGARO\">l\u2019Aviron Bayonnais<\/a>\u00a0a officialis\u00e9, ce mardi, la signature pour les deux prochaines saisons de Rob Leota, troisi\u00e8me ligne aile australien.<\/p>\n<p class=\"fig-paragraph\">S\u00e9lectionn\u00e9 \u00e0 21 reprises avec les Wallabies depuis 2021, notamment durant la derni\u00e8re Coupe du monde en France, Leota \u00abapportera sa polyvalence et sa puissance dans le 8 de devant\u00bb, \u00e9crit le club basque sur son compte X. Pass\u00e9 par Melbourne (chez les Rebels puis le Rising) et les Eastern Suburbs, le colosse d\u20191,90m \u00e9volue en 2025 avec la franchise des New South Wales Waratahs, en Super Rugby. Avant, donc, de rejoindre Bayonne l\u2019\u00e9t\u00e9 prochain.<\/p>\n","protected":false},"excerpt":{"rendered":"L\u2019Aviron Bayonnais a annonc\u00e9, ce mardi soir, l\u2019arriv\u00e9e du troisi\u00e8me ligne aile Rob Leota pour les deux prochaines&hellip;\n","protected":false},"author":2,"featured_media":45057,"comment_status":"","ping_status":"","sticky":false,"template":"","format":"standard","meta":{"footnotes":""},"categories":[1416],"tags":[4736,525,4590,1981,2313,814,1011,27,955,4589,2311,1980,479,1468,2259,60,478,2310,2312],"class_list":{"0":"post-45056","1":"post","2":"type-post","3":"status-publish","4":"format-standard","5":"has-post-thumbnail","7":"category-rugby","8":"tag-aviron-bayonnais","9":"tag-calendrier","10":"tag-championnat-france","11":"tag-classement","12":"tag-clermont","13":"tag-direct","14":"tag-fr","15":"tag-france","16":"tag-match","17":"tag-phase-finale","18":"tag-racing","19":"tag-resultats","20":"tag-rugby","21":"tag-rugby-football","22":"tag-score","23":"tag-sports","24":"tag-top-14","25":"tag-toulon","26":"tag-toulouse"},"share_on_mastodon":{"url":"https:\/\/pubeurope.com\/@fr\/114383990532473673","error":""},"_links":{"self":[{"href":"https:\/\/www.europesays.com\/fr\/wp-json\/wp\/v2\/posts\/45056","targetHints":{"allow":["GET"]}}],"collection":[{"href":"https:\/\/www.europesays.com\/fr\/wp-json\/wp\/v2\/posts"}],"about":[{"href":"https:\/\/www.europesays.com\/fr\/wp-json\/wp\/v2\/types\/post"}],"author":[{"embeddable":true,"href":"https:\/\/www.europesays.com\/fr\/wp-json\/wp\/v2\/users\/2"}],"replies":[{"embeddable":true,"href":"https:\/\/www.europesays.com\/fr\/wp-json\/wp\/v2\/comments?post=45056"}],"version-history":[{"count":0,"href":"https:\/\/www.europesays.com\/fr\/wp-json\/wp\/v2\/posts\/45056\/revisions"}],"wp:featuredmedia":[{"embeddable":true,"href":"https:\/\/www.europesays.com\/fr\/wp-json\/wp\/v2\/media\/45057"}],"wp:attachment":[{"href":"https:\/\/www.europesays.com\/fr\/wp-json\/wp\/v2\/media?parent=45056"}],"wp:term":[{"taxonomy":"category","embeddable":true,"href":"https:\/\/www.europesays.com\/fr\/wp-json\/wp\/v2\/categories?post=45056"},{"taxonomy":"post_tag","embeddable":true,"href":"https:\/\/www.europesays.com\/fr\/wp-json\/wp\/v2\/tags?post=45056"}],"curies":[{"name":"wp","href":"https:\/\/api.w.org\/{rel}","templated":true}]}}