{"id":450568,"date":"2025-10-09T17:45:16","date_gmt":"2025-10-09T17:45:16","guid":{"rendered":"https:\/\/www.europesays.com\/fr\/450568\/"},"modified":"2025-10-09T17:45:16","modified_gmt":"2025-10-09T17:45:16","slug":"manif-blocages-a-quoi-sattendre","status":"publish","type":"post","link":"https:\/\/www.europesays.com\/fr\/450568\/","title":{"rendered":"manif, blocages\u2026 \u00c0 quoi s&rsquo;attendre\u00a0?"},"content":{"rendered":"<p>            Par<br \/>\n        <strong><br \/>\n            <a href=\"https:\/\/actu.fr\/auteur\/brian-legoff\" title=\"Consulter tous les articles de Brian Le Goff\" target=\"_blank\" rel=\"noopener\">Brian Le Goff<\/a><br \/>\n        <\/strong><\/p>\n<p>        Publi\u00e9 le<\/p>\n<p>            9 oct. 2025 \u00e0 18h43        <\/p>\n<p>\u00ab\u2009On l\u2019appelle <strong>le 10 bis en r\u00e9f\u00e9rence<\/strong> au <a href=\"https:\/\/actu.fr\/bretagne\/rennes_35238\/direct-mobilisation-du-10-septembre-a-rennes-300-personnes-se-dirigent-vers-la-rocade-ce-matin_63138110.html\" target=\"_blank\" rel=\"noopener\">10\u00a0septembre dernier<\/a>.\u2009\u00bb \u00c0 Rennes, le <strong>mouvement \u00ab\u2009Bloquons tout\u2009\u00bb<\/strong> veut r\u00e9it\u00e9rer la mobilisation du <a href=\"https:\/\/actu.fr\/bretagne\/rennes_35238\/10-septembre-a-rennes-rocade-bloquee-bus-incendie-interpellations-ce-qu-il-faut-retenir-de-cette-journee_63145725.html\" target=\"_blank\" rel=\"noopener\">10\u00a0septembre dernier, un mois jour pour jour apr\u00e8s la tenue du pr\u00e9c\u00e9dent<\/a>.<\/p>\n<p>\u00ab\u2009Tout le monde est le bienvenu\u2009\u00bb<\/p>\n<p class=\" wall-content\">En effet, sur les r\u00e9seaux sociaux, les<strong> collectifs de citoyens \u00ab\u2009Indignons-nous\u2009\u00bb et \u00ab\u2009Bloquons tout\u2009\u00bb<\/strong> ainsi que les <strong>organisations de jeunesse, comme l\u2019Union Pirate,<\/strong> appellent le plus grand nombre \u00e0 participer aux actions, notamment \u00e0 la manifestation \u2013 non d\u00e9clar\u00e9e en pr\u00e9fecture \u2013<strong> \u00e0 partir de 14h, place de la R\u00e9publique<\/strong>.<\/p>\n<p class=\" wall-content\"><a href=\"https:\/\/www.instagram.com\/p\/DPeWGrrjDA4\/embed\" title=\"Ouvrir le lien sur Instagram\" target=\"_blank\" rel=\"noopener\">Visualiser le contenu sur Instagram<\/a><\/p>\n<p class=\" wall-content\">Sollicit\u00e9 par <a href=\"https:\/\/actu.fr\/rennes\/\" target=\"_blank\" rel=\"noopener\">actu Rennes<\/a>, un <strong>militant du collectif \u00ab\u2009Indignons-nous\u2009\u00bb<\/strong> explique que \u00ab\u2009la mobilisation doit continuer encore et encore pour <strong>porter les revendications li\u00e9es aux conditions de travail, aux salaires, \u00e0 la r\u00e9forme des retraites\u2009\u00bb.<\/strong><\/p>\n<blockquote class=\"ac-article-quote wall-content\">\n<p>On fait tous le m\u00eame constat que l&rsquo;\u00c9tat et le gouvernement ne nous \u00e9coutent plus. On a besoin de tout le monde : ceux qui ont de la bouteille dans la vie, comme les jeunes, qui se rebellent un peu partout dans le monde. Tout le monde est le bienvenu, car on en a tous marre. Il y a eu les manifestations des syndicats, maintenant, c&rsquo;est aussi aux citoyens, loin des \u00e9tiquettes, de faire leur manifestation. Ce qui compte, c&rsquo;est que l&rsquo;on soit tous ensemble.<\/p>\n<p>    <strong>Militant d&rsquo;Indignons-nous Ille-et-Vilaine<\/strong>\n            <\/p><\/blockquote>\n<p class=\" wall-content\">De son c\u00f4t\u00e9, l\u2019Union Pirate (UP) appelle \u00e9galement \u00e0 rejoindre le mouvement, \u00ab\u2009comme les syndicats et organisations de jeunesse qui, au niveau national, estiment qu\u2019il y a <strong>n\u00e9cessit\u00e9 \u00e0 se mobiliser le 10, mais aussi le 15\u00a0octobre\u2009\u00bb<\/strong>, explique une repr\u00e9sentante de l\u2019UP.<\/p>\n<p class=\" wall-content\">Des<strong> actions de blocages<\/strong> pourraient \u00eatre organis\u00e9es d\u00e8s 7h, vendredi matin. Toutefois, selon nos informations, elles ne devraient pas impacter la circulation sur la rocade de Rennes.<\/p>\n<p>Votre r\u00e9gion, votre actu !<\/p>\n<p>Recevez chaque jour les infos qui comptent pour vous.<\/p>\n<p>\t<a href=\"https:\/\/actu.fr\/newsletter\" class=\"ac-btn ac-btn--corner ac-btn--medium ac-btn--blue800\" target=\"_blank\" rel=\"noopener\">S&rsquo;incrire<\/a><br \/>\nPlusieurs revendications pour les jeunes<\/p>\n<p class=\" wall-content\">L\u00e0 encore, l\u2019objectif est de<strong> montrer que la lutte se poursuit<\/strong> et qu\u2019elle <strong>ne se joint pas uniquement \u00e0 l\u2019intersyndicale.<\/strong> Ces organisations de jeunesse revendiquent\u2009:<\/p>\n<ul class=\" wall-content\">\n<li>la <strong>mise en place d\u2019un revenu d\u2019autonomie<\/strong> pour les \u00e9tudiants\u2009;<\/li>\n<li>le besoin de <strong>redonner des moyens au Crous<\/strong> afin que tous les \u00e9tudiants puissent avoir leur bourse\u2009;<\/li>\n<li>le <strong>repas \u00e0 un euro<\/strong> dans les restaurants U pour tous\u2009;<\/li>\n<li>l\u2019acc\u00e8s \u00e0 des<strong> logements salubres<\/strong>\u2009;<\/li>\n<li>l\u2019investissement massif dans les universit\u00e9s publiques.<\/li>\n<\/ul>\n<p class=\" wall-content\">Enfin, ces organisations manifestent leur ras-le-bol et leur col\u00e8re vis-\u00e0-vis de la <a href=\"https:\/\/actu.fr\/politique\/bientot-un-nouveau-premier-ministre-c-est-quoi-ce-gouvernement-technique-qui-pourrait-sauver-emmanuel-macron_63275567.html\" target=\"_blank\" rel=\"noopener\">situation politique<\/a>.<\/p>\n<p>Les syndicats \u00ab\u2009non sollicit\u00e9s\u2009\u00bb<\/p>\n<p class=\" wall-content\">Contact\u00e9s par la r\u00e9daction, les syndicats Force Ouvri\u00e8re et Solidaires 35 indiquent ne pas avoir \u00e9t\u00e9 sollicit\u00e9s directement pour s\u2019associer \u00e0 cette journ\u00e9e.<\/p>\n<p class=\" wall-content\">Ainsi, <strong>Fabrice Lerestif, secr\u00e9taire local FO,<\/strong> n\u2019appelle pas \u00e0 se mobiliser\u2009: \u00ab\u2009Si c\u2019est pour s\u2019indigner, c\u2019est d\u2019accord \u00e9videmment. Mais ce que je veux aussi, c\u2019est<strong> conna\u00eetre la base revendicative du mouvement,<\/strong> comme la fin de la derni\u00e8re r\u00e9forme des retraites, de l\u2019aust\u00e9rit\u00e9 galopante et la sauvegarde de la S\u00e9curit\u00e9 sociale. Je ne veux pas \u00eatre sur un registre \u2018il faut tel ou tel ministre\u2019, non. On ne doit pas changer, <strong>un syndicat doit rester sur le terrain syndical<\/strong>.\u2009\u00bb<\/p>\n<p class=\" wall-content\"><strong>Fabienne Portanguen, cosecr\u00e9taire de Solidaires 35,<\/strong> soutient \u00e9galement les actions du vendredi 10\u00a0octobre. En revanche, il n\u2019y a pas d\u2019appel sp\u00e9cifique \u00e0 rejoindre le mouvement. \u00ab\u2009Il n\u2019y a pas pu avoir de d\u00e9cision de l\u2019union syndicale, qui n\u2019a pas pu se r\u00e9unir. Donc, il n\u2019y a pas d\u2019appel \u00e0 la gr\u00e8ve et ni d\u2019actions de Solidaires, car cela <strong>demande la pr\u00e9paration et sur le temps imparti, nous n\u2019avons pas pu nous mobiliser<\/strong> pour ce vendredi.\u2009\u00bb<\/p>\n<p class=\" wall-content\">Personnalisez votre actualit\u00e9 en ajoutant vos villes et m\u00e9dias en favori avec <a href=\"https:\/\/moncompte.actu.fr\" title=\"D\u00e9couvez Mon Actu\" rel=\"nofollow noopener\" data-trk=\"{&quot;cta&quot;:{&quot;action&quot;:&quot;https:\\\/\\\/moncompte.actu.fr&quot;,&quot;category&quot;:&quot;mon compte&quot;,&quot;from&quot;:&quot;article footer&quot;,&quot;name&quot;:&quot;Mon actu&quot;,&quot;type&quot;:&quot;cta&quot;}}\" target=\"_blank\">Mon Actu<\/a>.<\/p>\n<p>                    <script async src=\"\/\/www.instagram.com\/embed.js\"><\/script><\/p>\n","protected":false},"excerpt":{"rendered":"Par Brian Le Goff Publi\u00e9 le 9 oct. 2025 \u00e0 18h43 \u00ab\u2009On l\u2019appelle le 10 bis en r\u00e9f\u00e9rence&hellip;\n","protected":false},"author":2,"featured_media":450569,"comment_status":"","ping_status":"","sticky":false,"template":"","format":"standard","meta":{"footnotes":""},"categories":[2821],"tags":[1111,11,47212,829,1777,674,1011,27,1272,50957,12,584,25,104],"class_list":{"0":"post-450568","1":"post","2":"type-post","3":"status-publish","4":"format-standard","5":"has-post-thumbnail","7":"category-rennes","8":"tag-actu","9":"tag-actualites","10":"tag-bloquons-tout","11":"tag-bretagne","12":"tag-eu","13":"tag-europe","14":"tag-fr","15":"tag-france","16":"tag-manifestations","17":"tag-mouvement-du-10-septembre","18":"tag-news","19":"tag-rennes","20":"tag-republique-francaise","21":"tag-societe"},"share_on_mastodon":{"url":"https:\/\/pubeurope.com\/@fr\/115345458746047058","error":""},"_links":{"self":[{"href":"https:\/\/www.europesays.com\/fr\/wp-json\/wp\/v2\/posts\/450568","targetHints":{"allow":["GET"]}}],"collection":[{"href":"https:\/\/www.europesays.com\/fr\/wp-json\/wp\/v2\/posts"}],"about":[{"href":"https:\/\/www.europesays.com\/fr\/wp-json\/wp\/v2\/types\/post"}],"author":[{"embeddable":true,"href":"https:\/\/www.europesays.com\/fr\/wp-json\/wp\/v2\/users\/2"}],"replies":[{"embeddable":true,"href":"https:\/\/www.europesays.com\/fr\/wp-json\/wp\/v2\/comments?post=450568"}],"version-history":[{"count":0,"href":"https:\/\/www.europesays.com\/fr\/wp-json\/wp\/v2\/posts\/450568\/revisions"}],"wp:featuredmedia":[{"embeddable":true,"href":"https:\/\/www.europesays.com\/fr\/wp-json\/wp\/v2\/media\/450569"}],"wp:attachment":[{"href":"https:\/\/www.europesays.com\/fr\/wp-json\/wp\/v2\/media?parent=450568"}],"wp:term":[{"taxonomy":"category","embeddable":true,"href":"https:\/\/www.europesays.com\/fr\/wp-json\/wp\/v2\/categories?post=450568"},{"taxonomy":"post_tag","embeddable":true,"href":"https:\/\/www.europesays.com\/fr\/wp-json\/wp\/v2\/tags?post=450568"}],"curies":[{"name":"wp","href":"https:\/\/api.w.org\/{rel}","templated":true}]}}