{"id":450570,"date":"2025-10-09T17:46:13","date_gmt":"2025-10-09T17:46:13","guid":{"rendered":"https:\/\/www.europesays.com\/fr\/450570\/"},"modified":"2025-10-09T17:46:13","modified_gmt":"2025-10-09T17:46:13","slug":"lex-leader-des-merlus-ultras-juge-en-appel-a-rennes-mardi-14-octobre","status":"publish","type":"post","link":"https:\/\/www.europesays.com\/fr\/450570\/","title":{"rendered":"L\u2019ex leader des Merlus Ultras jug\u00e9 en appel \u00e0 Rennes mardi 14\u00a0octobre"},"content":{"rendered":"<p>C\u2019est une affaire qui d\u00e9passe largement le cadre sportif. Les \u00e9v\u00e9nements de ce 27 septembre 2024 ont durablement marqu\u00e9 le c\u0153ur de la ville de Lorient. Ce soir-l\u00e0, en marge du match de Ligue 2 entre le FC Lorient et Ajaccio, des supporters se sont violemment affront\u00e9s sur le parvis du th\u00e9\u00e2tre aux abords du stade du Moustoir. Un v\u00e9ritable <a href=\"https:\/\/www.letelegramme.fr\/morbihan\/lorient-56100\/ils-ont-tout-saccage-a-lorient-une-rixe-entre-supporters-du-fcl-et-de-lac-ajaccio-met-a-sac-un-bar-6671625.php\" target=\"_blank\" rel=\"noopener\">d\u00e9cha\u00eenement de violence entre Ultras et supporteurs corses<\/a>. Un bar est mis \u00e0 sac. Quelques jours plus tard, quatre personnes sont interpell\u00e9es. Le 8 novembre, deux supporteurs du FC Lorient comparaissent devant le tribunal et, apr\u00e8s quatre heures de d\u00e9bat, ils sont reconnus coupables. Le premier a \u00e9cop\u00e9 de huit mois de prison dont quatre assortis d\u2019un sursis, le second, leader des Merlus Ultras, a \u00e9t\u00e9 <a href=\"https:\/\/www.letelegramme.fr\/bretagne\/violences-entre-supporters-lorientais-et-ajacciens-les-deux-merlus-ultras-condamnes-6698814.php\" target=\"_blank\" rel=\"noopener\">condamn\u00e9 \u00e0 deux ans de prison<\/a>, dont douze mois assortis d\u2019un sursis, un an ferme donc \u00e0 purger sous bracelet \u00e9lectronique. Il a aussi interdiction d\u2019acc\u00e8s dans toutes les enceintes sportives accueillant un match du FC Lorient, pendant une dur\u00e9e de cinq ans.<\/p>\n<p>Condamn\u00e9 \u00e0 verser pr\u00e8s de 30\u00a0000 \u20ac \u00e0 BeIN Sports<\/p>\n<p>Lors de cette m\u00eame audience, Florian Le Bihan, 33 ans\ufeff, \u00e9tait aussi poursuivis pour des d\u00e9gradations sur deux bus-r\u00e9gie du diffuseur beIN stationn\u00e9s pr\u00e8s du stade du Moustoir, en amont de la rencontre face \u00e0 Grenoble, le 24 ao\u00fbt 2024. L\u2019\u00ab\u00a0animateur jeunesse\u00a0\u00bb de profession avait alors \u00e9t\u00e9 condamn\u00e9 \u00e0 verser pr\u00e8s de 30\u00a0000 \u20ac \u00e0 la cha\u00eene de t\u00e9l\u00e9vision. Quelques jours plus tard, il faisait appel de la d\u00e9cision p\u00e9nale, et partie civile concernant la condamnation li\u00e9e \u00e0 beIN Sports.<\/p>\n<p>Une nouvelle audience est programm\u00e9e, ce mardi 14 octobre, \u00e0 Rennes. \u00ab\u00a0Ce 24 ao\u00fbt, en raison de l\u2019attaque sur les bus-r\u00e9gie, le match avait \u00e9t\u00e9 interrompu pendant 25 minutes, ce temps d\u2019antenne tronqu\u00e9 constitue un vrai pr\u00e9judice\u00a0\u00bb, renouvelle Me Romain Vanni, qui d\u00e9fendra les int\u00e9r\u00eats de la cha\u00eene franco-qatarienne, mardi 14 octobre, devant la cour d\u2019appel de Rennes.<\/p>\n<p>Les conseils de Florian Le Bihan n\u2019ont pas souhait\u00e9 r\u00e9pondre \u00e0 nos sollicitations.<\/p>\n","protected":false},"excerpt":{"rendered":"C\u2019est une affaire qui d\u00e9passe largement le cadre sportif. Les \u00e9v\u00e9nements de ce 27 septembre 2024 ont durablement&hellip;\n","protected":false},"author":2,"featured_media":450571,"comment_status":"","ping_status":"","sticky":false,"template":"","format":"standard","meta":{"footnotes":""},"categories":[2821],"tags":[1111,11,829,765,1777,674,3317,1011,27,1781,3729,12,584,25,48192],"class_list":{"0":"post-450570","1":"post","2":"type-post","3":"status-publish","4":"format-standard","5":"has-post-thumbnail","7":"category-rennes","8":"tag-actu","9":"tag-actualites","10":"tag-bretagne","11":"tag-en-continu","12":"tag-eu","13":"tag-europe","14":"tag-fc-lorient","15":"tag-fr","16":"tag-france","17":"tag-lorient","18":"tag-morbihan","19":"tag-news","20":"tag-rennes","21":"tag-republique-francaise","22":"tag-tribunal-de-lorient"},"share_on_mastodon":{"url":"https:\/\/pubeurope.com\/@fr\/115345462645812723","error":""},"_links":{"self":[{"href":"https:\/\/www.europesays.com\/fr\/wp-json\/wp\/v2\/posts\/450570","targetHints":{"allow":["GET"]}}],"collection":[{"href":"https:\/\/www.europesays.com\/fr\/wp-json\/wp\/v2\/posts"}],"about":[{"href":"https:\/\/www.europesays.com\/fr\/wp-json\/wp\/v2\/types\/post"}],"author":[{"embeddable":true,"href":"https:\/\/www.europesays.com\/fr\/wp-json\/wp\/v2\/users\/2"}],"replies":[{"embeddable":true,"href":"https:\/\/www.europesays.com\/fr\/wp-json\/wp\/v2\/comments?post=450570"}],"version-history":[{"count":0,"href":"https:\/\/www.europesays.com\/fr\/wp-json\/wp\/v2\/posts\/450570\/revisions"}],"wp:featuredmedia":[{"embeddable":true,"href":"https:\/\/www.europesays.com\/fr\/wp-json\/wp\/v2\/media\/450571"}],"wp:attachment":[{"href":"https:\/\/www.europesays.com\/fr\/wp-json\/wp\/v2\/media?parent=450570"}],"wp:term":[{"taxonomy":"category","embeddable":true,"href":"https:\/\/www.europesays.com\/fr\/wp-json\/wp\/v2\/categories?post=450570"},{"taxonomy":"post_tag","embeddable":true,"href":"https:\/\/www.europesays.com\/fr\/wp-json\/wp\/v2\/tags?post=450570"}],"curies":[{"name":"wp","href":"https:\/\/api.w.org\/{rel}","templated":true}]}}