{"id":450574,"date":"2025-10-09T17:48:16","date_gmt":"2025-10-09T17:48:16","guid":{"rendered":"https:\/\/www.europesays.com\/fr\/450574\/"},"modified":"2025-10-09T17:48:16","modified_gmt":"2025-10-09T17:48:16","slug":"strasbourg-une-nouvelle-aire-debats-pour-chiens-a-koenigshoffen","status":"publish","type":"post","link":"https:\/\/www.europesays.com\/fr\/450574\/","title":{"rendered":"Strasbourg. Une nouvelle aire d\u2019\u00e9bats pour chiens \u00e0 Koenigshoffen"},"content":{"rendered":"<p>Le nouveau parc des Romains inaugur\u00e9 fin septembre \u00e0 l\u2019entr\u00e9e de Koenigshoffen accueille d\u00e9sormais la 17e\u00a0aire d\u2019\u00e9bats pour chiens de Strasbourg, une premi\u00e8re depuis 11 ans. Dans cet espace cl\u00f4tur\u00e9, les chiens peuvent gambader en toute libert\u00e9 et sans laisse, ce qui n\u2019est en principe pas autoris\u00e9 dans les parcs et sur la voie publique.<\/p>\n<p>L\u2019aire d\u2019\u00e9bats propose \u00e9galement des am\u00e9nagements sp\u00e9cifiquement d\u00e9di\u00e9s aux canid\u00e9s\u00a0: sentier d\u00e9couverte autour du chien, parcours d\u2019agility exp\u00e9rimental. Plusieurs associations locales ont particip\u00e9 \u00e0 son \u00e9laboration, dont Terre des Chiens, la SPA de Strasbourg et Patchguard.\u00a0<\/p>\n","protected":false},"excerpt":{"rendered":"Le nouveau parc des Romains inaugur\u00e9 fin septembre \u00e0 l\u2019entr\u00e9e de Koenigshoffen accueille d\u00e9sormais la 17e\u00a0aire d\u2019\u00e9bats pour&hellip;\n","protected":false},"author":2,"featured_media":450575,"comment_status":"","ping_status":"","sticky":false,"template":"","format":"standard","meta":{"footnotes":""},"categories":[2820],"tags":[1111,11,1867,2880,1777,674,1011,27,775,12,25,104,640],"class_list":{"0":"post-450574","1":"post","2":"type-post","3":"status-publish","4":"format-standard","5":"has-post-thumbnail","7":"category-strasbourg","8":"tag-actu","9":"tag-actualites","10":"tag-animaux","11":"tag-edition-strasbourg","12":"tag-eu","13":"tag-europe","14":"tag-fr","15":"tag-france","16":"tag-grand-est","17":"tag-news","18":"tag-republique-francaise","19":"tag-societe","20":"tag-strasbourg"},"share_on_mastodon":{"url":"https:\/\/pubeurope.com\/@fr\/115345470599935646","error":""},"_links":{"self":[{"href":"https:\/\/www.europesays.com\/fr\/wp-json\/wp\/v2\/posts\/450574","targetHints":{"allow":["GET"]}}],"collection":[{"href":"https:\/\/www.europesays.com\/fr\/wp-json\/wp\/v2\/posts"}],"about":[{"href":"https:\/\/www.europesays.com\/fr\/wp-json\/wp\/v2\/types\/post"}],"author":[{"embeddable":true,"href":"https:\/\/www.europesays.com\/fr\/wp-json\/wp\/v2\/users\/2"}],"replies":[{"embeddable":true,"href":"https:\/\/www.europesays.com\/fr\/wp-json\/wp\/v2\/comments?post=450574"}],"version-history":[{"count":0,"href":"https:\/\/www.europesays.com\/fr\/wp-json\/wp\/v2\/posts\/450574\/revisions"}],"wp:featuredmedia":[{"embeddable":true,"href":"https:\/\/www.europesays.com\/fr\/wp-json\/wp\/v2\/media\/450575"}],"wp:attachment":[{"href":"https:\/\/www.europesays.com\/fr\/wp-json\/wp\/v2\/media?parent=450574"}],"wp:term":[{"taxonomy":"category","embeddable":true,"href":"https:\/\/www.europesays.com\/fr\/wp-json\/wp\/v2\/categories?post=450574"},{"taxonomy":"post_tag","embeddable":true,"href":"https:\/\/www.europesays.com\/fr\/wp-json\/wp\/v2\/tags?post=450574"}],"curies":[{"name":"wp","href":"https:\/\/api.w.org\/{rel}","templated":true}]}}