{"id":450580,"date":"2025-10-09T17:51:18","date_gmt":"2025-10-09T17:51:18","guid":{"rendered":"https:\/\/www.europesays.com\/fr\/450580\/"},"modified":"2025-10-09T17:51:18","modified_gmt":"2025-10-09T17:51:18","slug":"nantes-va-proposer-un-service-sans-equivalent-en-france-pour-les-6-11-ans","status":"publish","type":"post","link":"https:\/\/www.europesays.com\/fr\/450580\/","title":{"rendered":"Nantes va proposer \u00ab\u00a0un service sans \u00e9quivalent en France\u00a0\u00bb pour les 6-11 ans"},"content":{"rendered":"<p>D\u00e9sign\u00e9e \u00ab\u00a0grande cause nationale de\u00a02025\u00a0\u00bb, <a href=\"https:\/\/www.20minutes.fr\/sante\/sante-mentale\/\" target=\"_blank\" class=\"c-link c-link--is-underlined\" rel=\"noopener\">la sant\u00e9 mentale<\/a> fait l\u2019objet de r\u00e9centes \u00e9tudes concernant <a href=\"https:\/\/www.20minutes.fr\/sante\/4170766-20250902-sante-mentale-jeune-francais-quatre-depression\" target=\"_blank\" class=\"c-link c-link--is-underlined\" rel=\"noopener\">la d\u00e9tresse psychologique des plus jeunes<\/a>. \u00ab\u00a0A chaque endroit de la soci\u00e9t\u00e9, on observe \u00e0 quel point cette question est majeure\u00a0\u00bb, affirme <a href=\"https:\/\/www.20minutes.fr\/dossier\/johanna_rolland\" target=\"_blank\" class=\"c-link c-link--is-underlined\" rel=\"noopener\">Johanna Rolland<\/a>, maire de Nantes lors d\u2019une conf\u00e9rence de presse jeudi, au sein de la future maison des enfants. Cette structure, situ\u00e9e en plein c\u0153ur du quartier de la sant\u00e9 de l\u2019\u00eele de Nantes, accueillera gratuitement et sans n\u00e9cessit\u00e9 d\u2019orientation m\u00e9dicale pr\u00e9alable, les enfants de 6 \u00e0 11 ans dans le besoin, d\u00e8s septembre\u00a02026.<\/p>\n<p>A l\u2019heure o\u00f9 <a href=\"https:\/\/www.santepubliquefrance.fr\/etudes-et-enquetes\/enabee-etude-nationale-sur-le-bien-etre-des-enfants\" target=\"_blank\" class=\"c-link c-link--is-underlined\" rel=\"noopener\">un enfant sur huit est concern\u00e9 par un trouble de sant\u00e9 mentale<\/a> en France, \u00ab\u00a0nous avons d\u00e9cid\u00e9 de prendre toutes nos responsabilit\u00e9s sur le sujet\u00a0\u00bb, assure la maire de Nantes. Avec la pr\u00e9sence d\u2019une \u00e9quipe de professionnels (psychomotriciens, p\u00e9dopsychiatres, p\u00e9diatres\u2026) et une surface de 300\u00a0m2 et un accueil gratuit pour les enfants et leurs familles, la maison des enfants est \u00ab\u00a0un nouveau service sans \u00e9quivalent en France\u00a0\u00bb, assure-t-elle.<\/p>\n<p>Accueil personnalis\u00e9<\/p>\n<p>\u00ab\u00a0Il \u00e9tait essentiel de proposer une r\u00e9ponse nouvelle, capable d\u2019accueillir, d\u2019\u00e9couter, d\u2019orienter et d\u2019accompagner les enfants de 6 \u00e0 11 ans en situation de mal-\u00eatre\u00a0\u00bb, indique J\u00e9r\u00f4me Jumel, directeur g\u00e9n\u00e9ral de l\u2019agence r\u00e9gionale de sant\u00e9 (ARS) des <a href=\"https:\/\/www.20minutes.fr\/dossier\/pays_de_la_loire\" target=\"_blank\" class=\"c-link c-link--is-underlined\" rel=\"noopener\">Pays-de-la-Loire<\/a>.<\/p>\n<\/p>\n<p>\u00ab\u00a0L\u2019accueil se fera en plusieurs \u00e9tapes\u00a0\u00bb, d\u00e9taille Elise Gu\u00e9n\u00e9got, p\u00e9dopsychiatre. D\u2019abord, il s\u2019agira de \u00ab\u00a0recueillir la demande de l\u2019enfant\u00a0\u00bb avant de lui accorder \u00ab\u00a0un rendez-vous avec un bin\u00f4me de professionnels\u00a0\u00bb. D\u00e8s lors, les intervenants seront plus \u00e0 m\u00eame de \u00ab\u00a0trouver l\u2019orientation la plus juste pour l\u2019enfant et de lui proposer des soins adapt\u00e9s\u00a0\u00bb, \u00e9voque la sp\u00e9cialiste. Les prises en charge individuelles s\u2019ajouteront \u00e0 des prises en charge de groupe au cours desquelles plusieurs th\u00e9matiques cl\u00e9s de la sant\u00e9 mentale seront abord\u00e9es comme le sommeil, l\u2019alimentation ou encore l\u2019exposition aux \u00e9crans.<\/p>\n<p>Hausse des diagnostics de type psychiatrique dans la r\u00e9gion<\/p>\n<p>Avec ce service, la mairie compte r\u00e9duire les in\u00e9galit\u00e9s territoriales et sociales auxquelles se heurtent les probl\u00e8mes de sant\u00e9 mentale. \u00ab\u00a0Le but n\u2019est pas de superposer des suivis chez les familles qui b\u00e9n\u00e9ficient d\u00e9j\u00e0 d\u2019un suivi psychologique qualitatif\u00a0\u00bb, \u00e9nonce Marl\u00e8ne Collineau, adjointe \u00e0 la mairie de <a href=\"https:\/\/www.20minutes.fr\/nantes\/\" target=\"_blank\" class=\"c-link c-link--is-underlined\" rel=\"noopener\">Nantes<\/a> en charge de la sant\u00e9.<\/p>\n<p><a href=\"https:\/\/www.20minutes.fr\/sante\/sante-mentale\/\" class=\"c-link c-btn c-btn--primary\" target=\"_blank\" rel=\"noopener\">Notre dossier sur la sant\u00e9 mentale<\/a><\/p>\n<p>Selon l\u2019observatoire r\u00e9gional de la sant\u00e9 (ORS) des Pays-de-la-Loire, \u00ab\u00a0plus de 430 passages pour un diagnostic de type psychiatrique d\u2019enfants de 6-11 ans r\u00e9sidant en <a href=\"https:\/\/www.20minutes.fr\/societe\/loire-atlantique\/\" target=\"_blank\" class=\"c-link c-link--is-underlined\" rel=\"noopener\">Loire-Atlantique<\/a> ont \u00e9t\u00e9 enregistr\u00e9s dans les services d\u2019urgence des Pays-de-la-Loire\u00a0\u00bb, soit 3,4\u00a0% de l\u2019ensemble des passages annuels.<\/p>\n","protected":false},"excerpt":{"rendered":"D\u00e9sign\u00e9e \u00ab\u00a0grande cause nationale de\u00a02025\u00a0\u00bb, la sant\u00e9 mentale fait l\u2019objet de r\u00e9centes \u00e9tudes concernant la d\u00e9tresse psychologique des&hellip;\n","protected":false},"author":2,"featured_media":450581,"comment_status":"","ping_status":"","sticky":false,"template":"","format":"standard","meta":{"footnotes":""},"categories":[2818],"tags":[1111,11,847,1777,674,652,1011,27,6945,3047,766,12,6197,3306,2636,235,298,1306,25,2072,104],"class_list":{"0":"post-450580","1":"post","2":"type-post","3":"status-publish","4":"format-standard","5":"has-post-thumbnail","7":"category-nantes","8":"tag-actu","9":"tag-actualites","10":"tag-enfant","11":"tag-eu","12":"tag-europe","13":"tag-famille","14":"tag-fr","15":"tag-france","16":"tag-johanna-rolland","17":"tag-loire-atlantique","18":"tag-nantes","19":"tag-news","20":"tag-parentalite","21":"tag-parents","22":"tag-pays-de-la-loire","23":"tag-psychiatrie","24":"tag-psychologie","25":"tag-regions","26":"tag-republique-francaise","27":"tag-sante-mentale","28":"tag-societe"},"share_on_mastodon":{"url":"https:\/\/pubeurope.com\/@fr\/115345482382192637","error":""},"_links":{"self":[{"href":"https:\/\/www.europesays.com\/fr\/wp-json\/wp\/v2\/posts\/450580","targetHints":{"allow":["GET"]}}],"collection":[{"href":"https:\/\/www.europesays.com\/fr\/wp-json\/wp\/v2\/posts"}],"about":[{"href":"https:\/\/www.europesays.com\/fr\/wp-json\/wp\/v2\/types\/post"}],"author":[{"embeddable":true,"href":"https:\/\/www.europesays.com\/fr\/wp-json\/wp\/v2\/users\/2"}],"replies":[{"embeddable":true,"href":"https:\/\/www.europesays.com\/fr\/wp-json\/wp\/v2\/comments?post=450580"}],"version-history":[{"count":0,"href":"https:\/\/www.europesays.com\/fr\/wp-json\/wp\/v2\/posts\/450580\/revisions"}],"wp:featuredmedia":[{"embeddable":true,"href":"https:\/\/www.europesays.com\/fr\/wp-json\/wp\/v2\/media\/450581"}],"wp:attachment":[{"href":"https:\/\/www.europesays.com\/fr\/wp-json\/wp\/v2\/media?parent=450580"}],"wp:term":[{"taxonomy":"category","embeddable":true,"href":"https:\/\/www.europesays.com\/fr\/wp-json\/wp\/v2\/categories?post=450580"},{"taxonomy":"post_tag","embeddable":true,"href":"https:\/\/www.europesays.com\/fr\/wp-json\/wp\/v2\/tags?post=450580"}],"curies":[{"name":"wp","href":"https:\/\/api.w.org\/{rel}","templated":true}]}}