{"id":450582,"date":"2025-10-09T17:52:18","date_gmt":"2025-10-09T17:52:18","guid":{"rendered":"https:\/\/www.europesays.com\/fr\/450582\/"},"modified":"2025-10-09T17:52:18","modified_gmt":"2025-10-09T17:52:18","slug":"nantes-va-proposer-un-service-sans-equivalent-en-france-pour-les-6-11-ans-2","status":"publish","type":"post","link":"https:\/\/www.europesays.com\/fr\/450582\/","title":{"rendered":"Nantes va proposer \u00ab un service sans \u00e9quivalent en France \u00bb pour les 6-11 ans"},"content":{"rendered":"<p class=\"mb-4 text-lg md:leading-8 break-words\"><strong>p\u00e9dopsychiatrie &#8211; Une enceinte d\u00e9di\u00e9e \u00e0 l\u2019accueil des 6-11 ans en situation de mal-\u00eatre va ouvrir en septembre \u00e0 proximit\u00e9 du CHU de Nantes<\/strong><\/p>\n<p class=\"mb-4 text-lg md:leading-8 break-words\">D\u00e9sign\u00e9e \u00ab\u00a0grande cause nationale de\u00a02025\u00a0\u00bb, <a href=\"https:\/\/www.20minutes.fr\/sante\/sante-mentale\/?at_medium=RSS%20feed&amp;at_campaign=ynews&amp;utm_source=yahoo&amp;utm_medium=rss&amp;utm_campaign=news_feed&amp;utm_content=in_article_link\" rel=\"nofollow noopener\" target=\"_blank\" data-ylk=\"slk:la sant\u00e9 mentale;elm:context_link;itc:0;sec:content-canvas\" class=\"link \">la sant\u00e9 mentale<\/a> fait l\u2019objet de r\u00e9centes \u00e9tudes concernant <a href=\"https:\/\/www.20minutes.fr\/sante\/4170766-20250902-sante-mentale-jeune-francais-quatre-depression?at_medium=RSS%20feed&amp;at_campaign=ynews&amp;utm_source=yahoo&amp;utm_medium=rss&amp;utm_campaign=news_feed&amp;utm_content=in_article_link\" rel=\"nofollow noopener\" target=\"_blank\" data-ylk=\"slk:la d\u00e9tresse psychologique des plus jeunes;elm:context_link;itc:0;sec:content-canvas\" class=\"link \">la d\u00e9tresse psychologique des plus jeunes<\/a>. \u00ab\u00a0A chaque endroit de la soci\u00e9t\u00e9, on observe \u00e0 quel point cette question est majeure\u00a0\u00bb, affirme <a href=\"https:\/\/www.20minutes.fr\/dossier\/johanna_rolland?at_medium=RSS%20feed&amp;at_campaign=ynews&amp;utm_source=yahoo&amp;utm_medium=rss&amp;utm_campaign=news_feed&amp;utm_content=in_article_link\" rel=\"nofollow noopener\" target=\"_blank\" data-ylk=\"slk:Johanna Rolland;elm:context_link;itc:0;sec:content-canvas\" class=\"link \">Johanna Rolland<\/a>, maire de Nantes lors d\u2019une conf\u00e9rence de presse jeudi, au sein de la future maison des enfants. Cette structure, situ\u00e9e en plein c\u0153ur du quartier de la sant\u00e9 de l\u2019\u00eele de Nantes, accueillera gratuitement et sans n\u00e9cessit\u00e9 d\u2019orientation m\u00e9dicale pr\u00e9alable, les enfants de 6 \u00e0 11 ans dans le besoin, d\u00e8s septembre\u00a02026.<\/p>\n<p class=\"mb-4 text-lg md:leading-8 break-words\">A l\u2019heure o\u00f9 <a href=\"https:\/\/www.santepubliquefrance.fr\/etudes-et-enquetes\/enabee-etude-nationale-sur-le-bien-etre-des-enfants?at_medium=RSS%20feed&amp;at_campaign=ynews&amp;utm_source=yahoo&amp;utm_medium=rss&amp;utm_campaign=news_feed&amp;utm_content=in_article_link\" rel=\"nofollow noopener\" target=\"_blank\" data-ylk=\"slk:un enfant sur huit est concern\u00e9 par un trouble de sant\u00e9 mentale;elm:context_link;itc:0;sec:content-canvas\" class=\"link \">un enfant sur huit est concern\u00e9 par un trouble de sant\u00e9 mentale<\/a> en France, \u00ab\u00a0nous avons d\u00e9cid\u00e9 de prendre toutes nos responsabilit\u00e9s sur le sujet\u00a0\u00bb, assure la maire de Nantes. Avec la pr\u00e9sence d\u2019une \u00e9quipe de professionnels (psychomotriciens, p\u00e9dopsychiatres, p\u00e9diatres\u2026) et une surface de 300\u00a0m2 et un accueil gratuit pour les enfants et leurs familles, la maison des enfants est \u00ab\u00a0un nouveau service sans \u00e9quivalent en France\u00a0\u00bb, assure-t-elle.<\/p>\n<p>Accueil personnalis\u00e9<\/p>\n<p class=\"mb-4 text-lg md:leading-8 break-words\">\u00ab\u00a0Il \u00e9tait essentiel de proposer une r\u00e9ponse nouvelle, capable d\u2019accueillir, d\u2019\u00e9couter, d\u2019orienter et d\u2019accompagner les enfants de 6 \u00e0 11 ans en situation de mal-\u00eatre\u00a0\u00bb, indique J\u00e9r\u00f4me Jumel, directeur g\u00e9n\u00e9ral de l\u2019agence r\u00e9gionale de sant\u00e9 (ARS) des <a href=\"https:\/\/www.20minutes.fr\/dossier\/pays_de_la_loire?at_medium=RSS%20feed&amp;at_campaign=ynews&amp;utm_source=yahoo&amp;utm_medium=rss&amp;utm_campaign=news_feed&amp;utm_content=in_article_link\" rel=\"nofollow noopener\" target=\"_blank\" data-ylk=\"slk:Pays-de-la-Loire;elm:context_link;itc:0;sec:content-canvas\" class=\"link \">Pays-de-la-Loire<\/a>.<\/p>\n<p class=\"mb-4 text-lg md:leading-8 break-words\">\u00ab\u00a0L\u2019accueil se fera en plusieurs \u00e9tapes\u00a0\u00bb, d\u00e9taille Elise Gu\u00e9n\u00e9got, p\u00e9dopsychiatre. D\u2019abord, il s\u2019agira de \u00ab\u00a0recueillir la demande de l\u2019enfant\u00a0\u00bb avant de lui accorder \u00ab\u00a0un(&#8230;)<\/p>\n<p class=\"mb-4 text-lg md:leading-8 break-words\"><a href=\"https:\/\/www.20minutes.fr\/nantes\/4178265-20251009-sante-mentale-nantes-va-proposer-service-equivalent-france-6-11-ans?at_medium=RSS%20feed&amp;at_campaign=ynews&amp;utm_source=yahoo&amp;utm_medium=rss&amp;utm_campaign=news_feed&amp;utm_content=read_more_link&quot;\" rel=\"nofollow noopener\" target=\"_blank\" data-ylk=\"slk:Lire la suite sur 20minutes;elm:context_link;itc:0;sec:content-canvas\" class=\"link \">Lire la suite sur 20minutes<\/a><\/p>\n<p>\u00c0 lire aussi :<br \/><a href=\"https:\/\/www.20minutes.fr\/nantes\/4177610-20251007-nantes-symboles-ville-grues-titan-jaune-grise-travaux?at_medium=RSS%20feed&amp;at_campaign=ynews&amp;utm_source=yahoo&amp;utm_medium=rss&amp;utm_campaign=news_feed&amp;utm_content=related_content_link\" rel=\"nofollow noopener\" target=\"_blank\" data-ylk=\"slk:Nantes\u00a0: Symboles de la ville, les grues Titan jaune et grise sont en travaux;elm:context_link;itc:0;sec:content-canvas\" class=\"link \">Nantes\u00a0: Symboles de la ville, les grues Titan jaune et grise sont en travaux<\/a><br \/><a href=\"https:\/\/www.20minutes.fr\/nantes\/4176939-20251008-bug-cpam-fils-peux-toujours-nourrir-sos-assures-attente-indemnites?at_medium=RSS%20feed&amp;at_campaign=ynews&amp;utm_source=yahoo&amp;utm_medium=rss&amp;utm_campaign=news_feed&amp;utm_content=related_content_link\" rel=\"nofollow noopener\" target=\"_blank\" data-ylk=\"slk:Bug de la CPAM\u00a0: \u00ab\u00a0J\u2019ai un fils que je ne peux pas toujours nourrir\u00a0\u00bb\u2026 Le SOS d\u2019assur\u00e9s en attente de leurs indemnit\u00e9s;elm:context_link;itc:0;sec:content-canvas\" class=\"link \">Bug de la CPAM\u00a0: \u00ab\u00a0J\u2019ai un fils que je ne peux pas toujours nourrir\u00a0\u00bb\u2026 Le SOS d\u2019assur\u00e9s en attente de leurs indemnit\u00e9s<\/a><\/p>\n","protected":false},"excerpt":{"rendered":"p\u00e9dopsychiatrie &#8211; Une enceinte d\u00e9di\u00e9e \u00e0 l\u2019accueil des 6-11 ans en situation de mal-\u00eatre va ouvrir en septembre&hellip;\n","protected":false},"author":2,"featured_media":450583,"comment_status":"","ping_status":"","sticky":false,"template":"","format":"standard","meta":{"footnotes":""},"categories":[2818],"tags":[1111,11,1764,1777,674,1011,27,6945,51945,57640,766,12,2636,25,2072],"class_list":{"0":"post-450582","1":"post","2":"type-post","3":"status-publish","4":"format-standard","5":"has-post-thumbnail","7":"category-nantes","8":"tag-actu","9":"tag-actualites","10":"tag-ans","11":"tag-eu","12":"tag-europe","13":"tag-fr","14":"tag-france","15":"tag-johanna-rolland","16":"tag-maire-de-nantes","17":"tag-maison-des-enfants","18":"tag-nantes","19":"tag-news","20":"tag-pays-de-la-loire","21":"tag-republique-francaise","22":"tag-sante-mentale"},"share_on_mastodon":{"url":"https:\/\/pubeurope.com\/@fr\/115345486273841107","error":""},"_links":{"self":[{"href":"https:\/\/www.europesays.com\/fr\/wp-json\/wp\/v2\/posts\/450582","targetHints":{"allow":["GET"]}}],"collection":[{"href":"https:\/\/www.europesays.com\/fr\/wp-json\/wp\/v2\/posts"}],"about":[{"href":"https:\/\/www.europesays.com\/fr\/wp-json\/wp\/v2\/types\/post"}],"author":[{"embeddable":true,"href":"https:\/\/www.europesays.com\/fr\/wp-json\/wp\/v2\/users\/2"}],"replies":[{"embeddable":true,"href":"https:\/\/www.europesays.com\/fr\/wp-json\/wp\/v2\/comments?post=450582"}],"version-history":[{"count":0,"href":"https:\/\/www.europesays.com\/fr\/wp-json\/wp\/v2\/posts\/450582\/revisions"}],"wp:featuredmedia":[{"embeddable":true,"href":"https:\/\/www.europesays.com\/fr\/wp-json\/wp\/v2\/media\/450583"}],"wp:attachment":[{"href":"https:\/\/www.europesays.com\/fr\/wp-json\/wp\/v2\/media?parent=450582"}],"wp:term":[{"taxonomy":"category","embeddable":true,"href":"https:\/\/www.europesays.com\/fr\/wp-json\/wp\/v2\/categories?post=450582"},{"taxonomy":"post_tag","embeddable":true,"href":"https:\/\/www.europesays.com\/fr\/wp-json\/wp\/v2\/tags?post=450582"}],"curies":[{"name":"wp","href":"https:\/\/api.w.org\/{rel}","templated":true}]}}