{"id":450590,"date":"2025-10-09T17:56:12","date_gmt":"2025-10-09T17:56:12","guid":{"rendered":"https:\/\/www.europesays.com\/fr\/450590\/"},"modified":"2025-10-09T17:56:12","modified_gmt":"2025-10-09T17:56:12","slug":"a-toulouse-jean-louis-borloo-saffiche-opportunement-sur-le-terrain","status":"publish","type":"post","link":"https:\/\/www.europesays.com\/fr\/450590\/","title":{"rendered":"\u00c0 Toulouse, Jean-Louis Borloo s\u2019affiche opportun\u00e9ment sur le terrain"},"content":{"rendered":"<p>\n    <strong>REPORTAGE &#8211;<\/strong> L\u2019ex-ministre de la Coh\u00e9sion sociale s\u2019est rendu \u00e0 Toulouse o\u00f9 il a prononc\u00e9 un discours dans le cadre de la 35e Convention des intercommunalit\u00e9s de France.<\/p>\n<p class=\"fig-paragraph\">Orly Sud, Porte C15,\u00a0<a href=\"http:\/\/www.lefigaro.fr\/politique\/disruptif-ni-de-gauche-ni-macroniste-jean-louis-borloo-seduit-bruno-retailleau-en-vue-de-matignon-20251009\" target=\"_blank\" data-fig-type=\"NewsFlash\" rel=\"noopener\" data-gtm-custom-categorie=\"navigation\" data-gtm-custom-action=\"crossclick\" data-gtm-custom-label=\"Contextuel\" data-gtm-event=\"customEventSPE\" data-fig-domain=\"LEFIGARO\">Jean-Louis Borloo<\/a>\u00a0embarque ce jeudi sur le vol AF6114 d\u2019Air France \u00e0 destination de Toulouse. S\u00e9bastien Martin, pr\u00e9sident de l\u2019association Intercommunalit\u00e9s de France l\u2019attend dans la Ville rose en croisant les doigts. Le nom de son invit\u00e9 est cit\u00e9 dans le Tout-Paris politico-m\u00e9diatique comme l\u2019un des hypoth\u00e9tiques \u00ab\u00a0premier-ministrables\u00a0\u00bb du moment. L\u2019h\u00f4te du jour se demande donc si l\u2019ex-ministre de la Coh\u00e9sion sociale ne sera pas retenu dans la capitale, tant la rumeur est insistante. La veille, l\u2019un de ses coll\u00e8gues\u00a0LR, sorti tardivement de la visioconf\u00e9rence organis\u00e9e par\u00a0<a href=\"http:\/\/www.lefigaro.fr\/politique\/je-ne-participerai-pas-bruno-retailleau-se-mettra-en-retrait-de-tout-gouvernement-mene-par-un-premier-ministre-de-gauche-ou-macroniste-20251008\" target=\"_blank\" data-fig-type=\"NewsFlash\" rel=\"noopener\" data-gtm-custom-categorie=\"navigation\" data-gtm-custom-action=\"crossclick\" data-gtm-custom-label=\"Contextuel\" data-gtm-event=\"customEventSPE\" data-fig-domain=\"LEFIGARO\">Bruno Retailleau<\/a>\u00a0pour accorder les violons des R\u00e9publicains avant l\u2019annonce d\u2019un nouveau premier ministre, partage une confidence\u00a0: \u00ab\u00a0Je viens d\u2019apprendre que Borloo est en train de passer des coups de fil ce soir pour contacter d\u2019anciens collaborateurs en vue de Matignon.\u00a0\u00bb<\/p>\n<p class=\"fig-paragraph\">Mais S\u00e9bastien Martin se rassure. D\u2019abord parce que le chef de l\u2019\u00c9tat est constitutionnellement souverain sur cette\u2026<\/p>\n<p class=\"fig-premium-paywall__infos\">\n        Cet article est r\u00e9serv\u00e9 aux abonn\u00e9s.        Il vous reste 73% \u00e0 d\u00e9couvrir.\n    <\/p>\n<p>                <img  data- alt=\"Le Figaro\" class=\"fig-img--complete fig-img\"\/><\/p>\n<p class=\"fig-premium-paywall__title\">J-100, Le Figaro f\u00eate ses 200 ans<\/p>\n<p class=\"fig-premium-paywall__subtitle\">Offre anniversaire : 2\u20ac\/mois pendant 200 semaines<\/p>\n<p class=\"fig-premium-paywall__connect\">\n                D\u00e9j\u00e0 abonn\u00e9\u00a0?                <a class=\"fig-premium-paywall__connect-link\" href=\"https:\/\/connect.lefigaro.fr\/login?client=horizon_web&amp;type=main&amp;redirect_uri=https%3A%2F%2Fwww.lefigaro.fr%2Fpolitique%2Fa-toulouse-jean-louis-borloo-s-affiche-opportunement-sur-le-terrain-20251009\" data-js-gtm=\"{&quot;customCategorie&quot;: &quot;conversion&quot;, &quot;customAction&quot;: &quot;before_Landing_Connexion_paywall_auto&quot;, &quot;customLabel&quot;: &quot;bGVmaWdhcm8uZnJfXzFmMGE1MjMxLTdmZWItNmI3OC05YzliLTQ5YjA2MWEzYTA1OF9fQXJ0aWNsZQ==_\u00c0 Toulouse, Jean-Louis Borloo s\u2019affiche opportun\u00e9ment sur le terrain_111&quot;, &quot;customIDSPE&quot;: &quot;bGVmaWdhcm8uZnJfXzFmMGE1MjMxLTdmZWItNmI3OC05YzliLTQ5YjA2MWEzYTA1OF9fQXJ0aWNsZQ==&quot;, &quot;event&quot;: &quot;customEventSPE&quot;}\" target=\"_blank\" rel=\"noopener\"><br \/>\n                    Connectez-vous<br \/>\n                <\/a>\n            <\/p>\n","protected":false},"excerpt":{"rendered":"REPORTAGE &#8211; L\u2019ex-ministre de la Coh\u00e9sion sociale s\u2019est rendu \u00e0 Toulouse o\u00f9 il a prononc\u00e9 un discours dans&hellip;\n","protected":false},"author":2,"featured_media":450591,"comment_status":"","ping_status":"","sticky":false,"template":"","format":"standard","meta":{"footnotes":""},"categories":[2816],"tags":[1111,11,1777,674,1011,27,57641,12,2680,25,2312],"class_list":{"0":"post-450590","1":"post","2":"type-post","3":"status-publish","4":"format-standard","5":"has-post-thumbnail","7":"category-toulouse","8":"tag-actu","9":"tag-actualites","10":"tag-eu","11":"tag-europe","12":"tag-fr","13":"tag-france","14":"tag-jean-louis-borloo","15":"tag-news","16":"tag-occitanie","17":"tag-republique-francaise","18":"tag-toulouse"},"share_on_mastodon":{"url":"https:\/\/pubeurope.com\/@fr\/115345502062536840","error":""},"_links":{"self":[{"href":"https:\/\/www.europesays.com\/fr\/wp-json\/wp\/v2\/posts\/450590","targetHints":{"allow":["GET"]}}],"collection":[{"href":"https:\/\/www.europesays.com\/fr\/wp-json\/wp\/v2\/posts"}],"about":[{"href":"https:\/\/www.europesays.com\/fr\/wp-json\/wp\/v2\/types\/post"}],"author":[{"embeddable":true,"href":"https:\/\/www.europesays.com\/fr\/wp-json\/wp\/v2\/users\/2"}],"replies":[{"embeddable":true,"href":"https:\/\/www.europesays.com\/fr\/wp-json\/wp\/v2\/comments?post=450590"}],"version-history":[{"count":0,"href":"https:\/\/www.europesays.com\/fr\/wp-json\/wp\/v2\/posts\/450590\/revisions"}],"wp:featuredmedia":[{"embeddable":true,"href":"https:\/\/www.europesays.com\/fr\/wp-json\/wp\/v2\/media\/450591"}],"wp:attachment":[{"href":"https:\/\/www.europesays.com\/fr\/wp-json\/wp\/v2\/media?parent=450590"}],"wp:term":[{"taxonomy":"category","embeddable":true,"href":"https:\/\/www.europesays.com\/fr\/wp-json\/wp\/v2\/categories?post=450590"},{"taxonomy":"post_tag","embeddable":true,"href":"https:\/\/www.europesays.com\/fr\/wp-json\/wp\/v2\/tags?post=450590"}],"curies":[{"name":"wp","href":"https:\/\/api.w.org\/{rel}","templated":true}]}}