{"id":450592,"date":"2025-10-09T17:57:11","date_gmt":"2025-10-09T17:57:11","guid":{"rendered":"https:\/\/www.europesays.com\/fr\/450592\/"},"modified":"2025-10-09T17:57:11","modified_gmt":"2025-10-09T17:57:11","slug":"pour-ses-150-ans-la-catho-de-lille-soffre-une-comedie-musicale-en-mode-puy-du-fou","status":"publish","type":"post","link":"https:\/\/www.europesays.com\/fr\/450592\/","title":{"rendered":"Pour ses 150 ans, la Catho de Lille s\u2019offre une com\u00e9die musicale en mode Puy du Fou"},"content":{"rendered":"<p>Avec ses 42 000 \u00e9tudiants et ses 22 \u00e9tablissements de formations, l\u2019Universit\u00e9 Catholique de Lille est la plus grande universit\u00e9 priv\u00e9e de France. Pour f\u00eater ses 150 ans, elle a d\u00e9cid\u00e9 de mettre les petits plats dans les grands. Depuis le mois de mars, les \u00e9v\u00e9nements s\u2019encha\u00eenent pour rendre hommage \u00e0 l\u2019histoire du campus situ\u00e9 sur le boulevard Vauban. Au programme\u00a0: des concerts, une conf\u00e9rence sur les fondements du catholicisme social, une messe d\u2019action de gr\u00e2ce, un festival pour \u00ab\u202fse projeter vers les 150 prochaines ann\u00e9es de l\u2019Universit\u00e9 et de la soci\u00e9t\u00e9 \u00bb\u2026 Et surtout une grande com\u00e9die musicale.<\/p>\n<p>Feux d\u2019artifices, bourrasques de vent, de pluie, et chute de neige\u00a0: le spectacle est immersif. Deux heures durant lesquelles les sc\u00e8nes s\u2019encha\u00eenent au rythme des tableaux dans\u00e9s en costume d\u2019\u00e9poque, entrecoup\u00e9es de s\u00e9quences projet\u00e9es pour accompagner le narrateur. Pendant deux ans, le directeur artistique de l\u2019universit\u00e9 catholique Cl\u00e9ment Violini a \u00e9t\u00e9 missionn\u00e9 pour raconter l\u2019histoire de l\u2019institution. Il a travaill\u00e9 sur cette id\u00e9e originale avec les \u00e9tudiants. En tout, plus de 400 personnes (salari\u00e9s ou b\u00e9n\u00e9voles) se sont mobilis\u00e9es pour jouer trois soirs, du 9 au 11 octobre, \u00e0 guichets ferm\u00e9s.<br \/>De nombreux liens avec l\u2019univers du Puy du\u00a0Fou<br \/>Le parall\u00e8le avec les spectacles propos\u00e9s par le parc \u00e0 th\u00e8me du Puy du Fou, notamment la Cin\u00e9sc\u00e9nie<br \/>Un spectacle imagin\u00e9 par Philippe de Villiers<br \/>La Cinesc\u00e9nie est un spectacle cr\u00e9\u00e9 par Philippe de Villiers pour le Puy du Fou. Il\u00a0 mobilise 4500 b\u00e9n\u00e9voles et raconte de fa\u00e7on tr\u00e8s orient\u00e9e l\u2019histoire de la Vend\u00e9e\u00a0\u2026<\/p>\n<p>Nous vous offrons l\u2019acc\u00e8s \u00e0 cet article<\/p>\n<p>Et \u00e0 toutes nos enqu\u00eates pendant deux jours\u00a0\u00a0! <br \/>Oui, on est g\u00e9n\u00e9reux \ud83d\ude09 Mais pensez aussi \u00e0 <a href=\"https:\/\/www.mediacites.fr\/sabonner\/\" target=\"_blank\" style=\"color:#fff\" rel=\"noopener\">vous abonner<\/a>\u00a0\u00a0!<\/p>\n<p>\t\tEn renseignant votre adresse, vous acceptez nos <a href=\"https:\/\/www.mediacites.fr\/conditions-generales-d-utilisation\/\" target=\"_blank\" rel=\"noopener\">conditions g\u00e9n\u00e9rales d\u2019utilisation<\/a>. <br \/>Mediacit\u00e9s s\u2019engage \u00e0 ne pas c\u00e9der votre adresse \u00e0 des tiers. En cas d\u2019\u00e9chec, \u00e9crivez \u00e0 <a href=\"https:\/\/www.mediacites.fr\/reportage\/lille\/2025\/10\/09\/pour-ses-150-ans-la-catho-de-lille-soffre-une-comedie-musicale-en-mode-puy-du-fou\/mailto:contact@mediacites.fr\" target=\"_blank\" rel=\"noopener\">contact@mediacites.fr<\/a><\/p>\n<ul>\n<li>J\u2019acc\u00e8de aux 4 \u00e9ditions de Mediacit\u00e9s (Lille, Lyon, Nantes et Toulouse)<\/li>\n<li>Je d\u00e9couvre un m\u00e9dia 100 % ind\u00e9pendant, avec 0 % de publicit\u00e9<\/li>\n<\/ul>\n<p>Envie de lire la\u00a0suite\u202f?<\/p>\n<p class=\"price\">1\u20ac le premier mois<\/p>\n<p class=\"description\">Puis 7,90\u20ac par\u00a0mois<\/p>\n<p><a class=\"button button--green\" href=\"https:\/\/www.mediacites.fr\/sabonner\/?sub=55\" style=\"margin-top:22px;font-size:13px;\" target=\"_blank\" rel=\"noopener\">Je teste\u202f! <\/a><\/p>\n<ul>\n<li>Acc\u00e8s aux 4 \u00e9ditions de Mediacit\u00e9s (Lille, Lyon, Nantes et Toulouse)<\/li>\n<li>100 % ind\u00e9pendant, avec 0 % de publicit\u00e9<\/li>\n<li>R\u00e9siliation facile \u00e0 tout moment<\/li>\n<\/ul>\n<p>Mediacit\u00e9s offre l\u2019acc\u00e8s \u00e0 cet article aux lecteurs de News2Com<\/p>\n<p>Et \u00e0 toutes nos enqu\u00eates pendant deux jours\u00a0\u00a0! <br \/>Oui, on est g\u00e9n\u00e9reux \ud83d\ude09 Mais pensez aussi \u00e0 <a href=\"https:\/\/www.mediacites.fr\/sabonner\/\" target=\"_blank\" style=\"color:#fff\" rel=\"noopener\">vous abonner<\/a>\u00a0\u00a0!<\/p>\n<p>\t\tEn renseignant votre adresse, vous acceptez nos <a href=\"https:\/\/www.mediacites.fr\/conditions-generales-d-utilisation\/\" target=\"_blank\" rel=\"noopener\">conditions g\u00e9n\u00e9rales d\u2019utilisation<\/a>. <br \/>Mediacit\u00e9s s\u2019engage \u00e0 ne pas c\u00e9der votre adresse \u00e0 des tiers. En cas d\u2019\u00e9chec, \u00e9crivez \u00e0 <a href=\"https:\/\/www.mediacites.fr\/reportage\/lille\/2025\/10\/09\/pour-ses-150-ans-la-catho-de-lille-soffre-une-comedie-musicale-en-mode-puy-du-fou\/mailto:contact@mediacites.fr\" target=\"_blank\" rel=\"noopener\">contact@mediacites.fr<\/a><\/p>\n<ul>\n<li>J\u2019acc\u00e8de aux 4 \u00e9ditions de Mediacit\u00e9s (Lille, Lyon, Nantes et Toulouse)<\/li>\n<li>Je d\u00e9couvre un m\u00e9dia 100 % ind\u00e9pendant, avec 0 % de publicit\u00e9<\/li>\n<\/ul>\n","protected":false},"excerpt":{"rendered":"Avec ses 42 000 \u00e9tudiants et ses 22 \u00e9tablissements de formations, l\u2019Universit\u00e9 Catholique de Lille est la plus&hellip;\n","protected":false},"author":2,"featured_media":450593,"comment_status":"","ping_status":"","sticky":false,"template":"","format":"standard","meta":{"footnotes":""},"categories":[2815],"tags":[57642,1111,11,1777,674,1011,27,811,1307,12,41410,23061,2687,25,21754],"class_list":{"0":"post-450592","1":"post","2":"type-post","3":"status-publish","4":"format-standard","5":"has-post-thumbnail","7":"category-lille","8":"tag-150-ans","9":"tag-actu","10":"tag-actualites","11":"tag-eu","12":"tag-europe","13":"tag-fr","14":"tag-france","15":"tag-hauts-de-france","16":"tag-lille","17":"tag-news","18":"tag-philippe-de-villiers","19":"tag-puy-du-fou","20":"tag-reportage","21":"tag-republique-francaise","22":"tag-universite-catholique-de-lille"},"share_on_mastodon":{"url":"https:\/\/pubeurope.com\/@fr\/115345506016380569","error":""},"_links":{"self":[{"href":"https:\/\/www.europesays.com\/fr\/wp-json\/wp\/v2\/posts\/450592","targetHints":{"allow":["GET"]}}],"collection":[{"href":"https:\/\/www.europesays.com\/fr\/wp-json\/wp\/v2\/posts"}],"about":[{"href":"https:\/\/www.europesays.com\/fr\/wp-json\/wp\/v2\/types\/post"}],"author":[{"embeddable":true,"href":"https:\/\/www.europesays.com\/fr\/wp-json\/wp\/v2\/users\/2"}],"replies":[{"embeddable":true,"href":"https:\/\/www.europesays.com\/fr\/wp-json\/wp\/v2\/comments?post=450592"}],"version-history":[{"count":0,"href":"https:\/\/www.europesays.com\/fr\/wp-json\/wp\/v2\/posts\/450592\/revisions"}],"wp:featuredmedia":[{"embeddable":true,"href":"https:\/\/www.europesays.com\/fr\/wp-json\/wp\/v2\/media\/450593"}],"wp:attachment":[{"href":"https:\/\/www.europesays.com\/fr\/wp-json\/wp\/v2\/media?parent=450592"}],"wp:term":[{"taxonomy":"category","embeddable":true,"href":"https:\/\/www.europesays.com\/fr\/wp-json\/wp\/v2\/categories?post=450592"},{"taxonomy":"post_tag","embeddable":true,"href":"https:\/\/www.europesays.com\/fr\/wp-json\/wp\/v2\/tags?post=450592"}],"curies":[{"name":"wp","href":"https:\/\/api.w.org\/{rel}","templated":true}]}}