{"id":450594,"date":"2025-10-09T17:58:11","date_gmt":"2025-10-09T17:58:11","guid":{"rendered":"https:\/\/www.europesays.com\/fr\/450594\/"},"modified":"2025-10-09T17:58:11","modified_gmt":"2025-10-09T17:58:11","slug":"une-maison-corinne-masiero-pour-les-femmes-sdf-toxicomanes-bientot-perennisee-a-lille","status":"publish","type":"post","link":"https:\/\/www.europesays.com\/fr\/450594\/","title":{"rendered":"Une \u00ab maison Corinne Masiero \u00bb pour les femmes SDF toxicomanes bient\u00f4t p\u00e9rennis\u00e9e \u00e0 Lille"},"content":{"rendered":"<p>\u00ab\u202fNous avons demand\u00e9 \u00e0 Corinne Masiero de nous pr\u00eater son nom. Apr\u00e8s \u00eatre venu boire un caf\u00e9 avec nous, elle a accept\u00e9\u202f\u00bb, raconte un membre de l\u2019\u00e9quipe. C\u2019est ainsi qu\u2019\u00e0 Lille, un centre d\u2019accueil et d\u2019h\u00e9bergement r\u00e9serv\u00e9 aux femmes SDF consommatrices de drogues est devenu la maison Corinne Masiero. \u00ab\u202fUne maison pour les meufs sans\u202f\u00bb, comme l\u2019a baptis\u00e9 l\u2019interpr\u00e8te de Capitaine Marleau qui n\u2019a jamais cach\u00e9 son pass\u00e9 chaotique.<\/p>\n<p>Le lieu, rest\u00e9 discret pendant deux ans d\u2019exp\u00e9rimentation, doit \u00eatre p\u00e9rennis\u00e9 et prochainement inaugur\u00e9 par la pr\u00e9fecture du Nord et l\u2019Agence r\u00e9gionale de Sant\u00e9 (ARS), selon nos informations. Un rapport d\u2019\u00e9valuation, \u00e9tabli par une agence ext\u00e9rieure en septembre 2024 et que Mediacit\u00e9s a pu consulter, dit d\u2019ailleurs le plus grand bien de cette structure in\u00e9dite dans les Hauts\u2010de\u2010France.<\/p>\n<p>La maison, qui peut h\u00e9berger dix femmes \u00e0 la fois, en avait accueilli trente\u2010six en septembre 2024, apr\u00e8s un an et demi de fonctionnement. \u00ab\u202fA minima, elle apporte un r\u00e9pit dans un parcours de rue (\u2026). In extenso, elle permet d\u2019amorcer une trajectoire d\u2019insertion socio\u2010professionnelle de plus long cours en s\u00e9curisant l\u2019h\u00e9bergement ou le logement\u202f\u00bb. Quatre d\u2019entre elles \u00e9taient m\u00eame sur le chemin d\u2019un retour \u00e0 l\u2019emploi, il y a un an. \u00ab\u202fLe pari de stabiliser ces femmes est r\u00e9ussi\u202f\u00bb, pointe les auteurs du rapport. Un pari qui \u00e9tait loin d\u2019\u00eatre gagn\u00e9.<br \/>Structure r\u00e9serv\u00e9e aux femmes<br \/>Lorsque les <a href=\"https:\/\/abej-solidarite.fr\/structure\/maison-corinne-masiero\/\" target=\"_blank\" rel=\"noopener\">associations Abej<\/a> et C\u00e9dr\u2019agir ouvrent les lieux, le 8 mars 2023, date symbolique puisque c\u2019est la journ\u00e9e\u00a0\u2026<\/p>\n<p>Nous vous offrons l\u2019acc\u00e8s \u00e0 cet article<\/p>\n<p>Et \u00e0 toutes nos enqu\u00eates pendant deux jours\u00a0\u00a0! <br \/>Oui, on est g\u00e9n\u00e9reux \ud83d\ude09 Mais pensez aussi \u00e0 <a href=\"https:\/\/www.mediacites.fr\/sabonner\/\" target=\"_blank\" style=\"color:#fff\" rel=\"noopener\">vous abonner<\/a>\u00a0\u00a0!<\/p>\n<p>\t\tEn renseignant votre adresse, vous acceptez nos <a href=\"https:\/\/www.mediacites.fr\/conditions-generales-d-utilisation\/\" target=\"_blank\" rel=\"noopener\">conditions g\u00e9n\u00e9rales d\u2019utilisation<\/a>. <br \/>Mediacit\u00e9s s\u2019engage \u00e0 ne pas c\u00e9der votre adresse \u00e0 des tiers. En cas d\u2019\u00e9chec, \u00e9crivez \u00e0 <a href=\"https:\/\/www.mediacites.fr\/solutions\/lille\/2025\/10\/09\/une-maison-corinne-masiero-pour-les-femmes-sdf-toxicomanes-bientot-perennisee-pres-de-lille\/mailto:contact@mediacites.fr\" target=\"_blank\" rel=\"noopener\">contact@mediacites.fr<\/a><\/p>\n<ul>\n<li>J\u2019acc\u00e8de aux 4 \u00e9ditions de Mediacit\u00e9s (Lille, Lyon, Nantes et Toulouse)<\/li>\n<li>Je d\u00e9couvre un m\u00e9dia 100 % ind\u00e9pendant, avec 0 % de publicit\u00e9<\/li>\n<\/ul>\n<p>Envie de lire la\u00a0suite\u202f?<\/p>\n<p class=\"price\">1\u20ac le premier mois<\/p>\n<p class=\"description\">Puis 7,90\u20ac par\u00a0mois<\/p>\n<p><a class=\"button button--green\" href=\"https:\/\/www.mediacites.fr\/sabonner\/?sub=55\" style=\"margin-top:22px;font-size:13px;\" target=\"_blank\" rel=\"noopener\">Je teste\u202f! <\/a><\/p>\n<ul>\n<li>Acc\u00e8s aux 4 \u00e9ditions de Mediacit\u00e9s (Lille, Lyon, Nantes et Toulouse)<\/li>\n<li>100 % ind\u00e9pendant, avec 0 % de publicit\u00e9<\/li>\n<li>R\u00e9siliation facile \u00e0 tout moment<\/li>\n<\/ul>\n<p>Mediacit\u00e9s offre l\u2019acc\u00e8s \u00e0 cet article aux lecteurs de News2Com<\/p>\n<p>Et \u00e0 toutes nos enqu\u00eates pendant deux jours\u00a0\u00a0! <br \/>Oui, on est g\u00e9n\u00e9reux \ud83d\ude09 Mais pensez aussi \u00e0 <a href=\"https:\/\/www.mediacites.fr\/sabonner\/\" target=\"_blank\" style=\"color:#fff\" rel=\"noopener\">vous abonner<\/a>\u00a0\u00a0!<\/p>\n<p>\t\tEn renseignant votre adresse, vous acceptez nos <a href=\"https:\/\/www.mediacites.fr\/conditions-generales-d-utilisation\/\" target=\"_blank\" rel=\"noopener\">conditions g\u00e9n\u00e9rales d\u2019utilisation<\/a>. <br \/>Mediacit\u00e9s s\u2019engage \u00e0 ne pas c\u00e9der votre adresse \u00e0 des tiers. En cas d\u2019\u00e9chec, \u00e9crivez \u00e0 <a href=\"https:\/\/www.mediacites.fr\/solutions\/lille\/2025\/10\/09\/une-maison-corinne-masiero-pour-les-femmes-sdf-toxicomanes-bientot-perennisee-pres-de-lille\/mailto:contact@mediacites.fr\" target=\"_blank\" rel=\"noopener\">contact@mediacites.fr<\/a><\/p>\n<ul>\n<li>J\u2019acc\u00e8de aux 4 \u00e9ditions de Mediacit\u00e9s (Lille, Lyon, Nantes et Toulouse)<\/li>\n<li>Je d\u00e9couvre un m\u00e9dia 100 % ind\u00e9pendant, avec 0 % de publicit\u00e9<\/li>\n<\/ul>\n","protected":false},"excerpt":{"rendered":"\u00ab\u202fNous avons demand\u00e9 \u00e0 Corinne Masiero de nous pr\u00eater son nom. Apr\u00e8s \u00eatre venu boire un caf\u00e9 avec&hellip;\n","protected":false},"author":2,"featured_media":450595,"comment_status":"","ping_status":"","sticky":false,"template":"","format":"standard","meta":{"footnotes":""},"categories":[2815],"tags":[1111,11,3992,1777,674,4651,1011,27,811,3909,1307,12,25,3910,15097,34850],"class_list":{"0":"post-450594","1":"post","2":"type-post","3":"status-publish","4":"format-standard","5":"has-post-thumbnail","7":"category-lille","8":"tag-actu","9":"tag-actualites","10":"tag-drogues","11":"tag-eu","12":"tag-europe","13":"tag-femmes","14":"tag-fr","15":"tag-france","16":"tag-hauts-de-france","17":"tag-hebergement-durgence","18":"tag-lille","19":"tag-news","20":"tag-republique-francaise","21":"tag-sdf","22":"tag-solutions","23":"tag-toxicomanie"},"share_on_mastodon":{"url":"https:\/\/pubeurope.com\/@fr\/115345509837715669","error":""},"_links":{"self":[{"href":"https:\/\/www.europesays.com\/fr\/wp-json\/wp\/v2\/posts\/450594","targetHints":{"allow":["GET"]}}],"collection":[{"href":"https:\/\/www.europesays.com\/fr\/wp-json\/wp\/v2\/posts"}],"about":[{"href":"https:\/\/www.europesays.com\/fr\/wp-json\/wp\/v2\/types\/post"}],"author":[{"embeddable":true,"href":"https:\/\/www.europesays.com\/fr\/wp-json\/wp\/v2\/users\/2"}],"replies":[{"embeddable":true,"href":"https:\/\/www.europesays.com\/fr\/wp-json\/wp\/v2\/comments?post=450594"}],"version-history":[{"count":0,"href":"https:\/\/www.europesays.com\/fr\/wp-json\/wp\/v2\/posts\/450594\/revisions"}],"wp:featuredmedia":[{"embeddable":true,"href":"https:\/\/www.europesays.com\/fr\/wp-json\/wp\/v2\/media\/450595"}],"wp:attachment":[{"href":"https:\/\/www.europesays.com\/fr\/wp-json\/wp\/v2\/media?parent=450594"}],"wp:term":[{"taxonomy":"category","embeddable":true,"href":"https:\/\/www.europesays.com\/fr\/wp-json\/wp\/v2\/categories?post=450594"},{"taxonomy":"post_tag","embeddable":true,"href":"https:\/\/www.europesays.com\/fr\/wp-json\/wp\/v2\/tags?post=450594"}],"curies":[{"name":"wp","href":"https:\/\/api.w.org\/{rel}","templated":true}]}}