{"id":450602,"date":"2025-10-09T18:02:14","date_gmt":"2025-10-09T18:02:14","guid":{"rendered":"https:\/\/www.europesays.com\/fr\/450602\/"},"modified":"2025-10-09T18:02:14","modified_gmt":"2025-10-09T18:02:14","slug":"les-puces-du-canal-fetent-30-ans-dhistoire-ce-week-end","status":"publish","type":"post","link":"https:\/\/www.europesays.com\/fr\/450602\/","title":{"rendered":"les Puces du Canal f\u00eatent 30 ans d\u2019histoire ce week-end"},"content":{"rendered":"<p>Cr\u00e9\u00e9es en 1995 \u00e0 l\u2019initiative de trois associ\u00e9s \u2013 Denis David, Jean-Pierre Gaboriaux et Alain Deyag\u00e8re \u2013 les Puces du Canal se sont impos\u00e9es en trois d\u00e9cennies comme un lieu embl\u00e9matique de la brocante et des objets d\u2019art. Premier march\u00e9 du genre \u00e0 ouvrir dans la r\u00e9gion, il r\u00e9unit chaque week-end passionn\u00e9s, collectionneurs, antiquaires et simples curieux.<\/p>\n<p>Install\u00e9 sur six hectares, ce mus\u00e9e \u00e0 ciel ouvert abrite boutiques,&#8230;<\/p>\n","protected":false},"excerpt":{"rendered":"Cr\u00e9\u00e9es en 1995 \u00e0 l\u2019initiative de trois associ\u00e9s \u2013 Denis David, Jean-Pierre Gaboriaux et Alain Deyag\u00e8re \u2013 les&hellip;\n","protected":false},"author":2,"featured_media":450603,"comment_status":"","ping_status":"","sticky":false,"template":"","format":"standard","meta":{"footnotes":""},"categories":[1889],"tags":[1111,11,2430,4406,1687,33,3152,2757,1777,674,1011,27,2428,12,2661,25,2429,3151,6345,6346],"class_list":{"0":"post-450602","1":"post","2":"type-post","3":"status-publish","4":"format-standard","5":"has-post-thumbnail","7":"category-lyon","8":"tag-actu","9":"tag-actualites","10":"tag-auvergne-rhone-alpes","11":"tag-commerce-et-services","12":"tag-culture-loisirs","13":"tag-economie","14":"tag-edition-est-lyonnais","15":"tag-edition-lyon-villeurbanne","16":"tag-eu","17":"tag-europe","18":"tag-fr","19":"tag-france","20":"tag-lyon","21":"tag-news","22":"tag-patrimoine-culturel","23":"tag-republique-francaise","24":"tag-rhone","25":"tag-selection-de-la-redaction-69","26":"tag-villeurbanne","27":"tag-villeurbanne-bassin"},"share_on_mastodon":{"url":"https:\/\/pubeurope.com\/@fr\/115345525465686134","error":""},"_links":{"self":[{"href":"https:\/\/www.europesays.com\/fr\/wp-json\/wp\/v2\/posts\/450602","targetHints":{"allow":["GET"]}}],"collection":[{"href":"https:\/\/www.europesays.com\/fr\/wp-json\/wp\/v2\/posts"}],"about":[{"href":"https:\/\/www.europesays.com\/fr\/wp-json\/wp\/v2\/types\/post"}],"author":[{"embeddable":true,"href":"https:\/\/www.europesays.com\/fr\/wp-json\/wp\/v2\/users\/2"}],"replies":[{"embeddable":true,"href":"https:\/\/www.europesays.com\/fr\/wp-json\/wp\/v2\/comments?post=450602"}],"version-history":[{"count":0,"href":"https:\/\/www.europesays.com\/fr\/wp-json\/wp\/v2\/posts\/450602\/revisions"}],"wp:featuredmedia":[{"embeddable":true,"href":"https:\/\/www.europesays.com\/fr\/wp-json\/wp\/v2\/media\/450603"}],"wp:attachment":[{"href":"https:\/\/www.europesays.com\/fr\/wp-json\/wp\/v2\/media?parent=450602"}],"wp:term":[{"taxonomy":"category","embeddable":true,"href":"https:\/\/www.europesays.com\/fr\/wp-json\/wp\/v2\/categories?post=450602"},{"taxonomy":"post_tag","embeddable":true,"href":"https:\/\/www.europesays.com\/fr\/wp-json\/wp\/v2\/tags?post=450602"}],"curies":[{"name":"wp","href":"https:\/\/api.w.org\/{rel}","templated":true}]}}