{"id":450606,"date":"2025-10-09T18:05:12","date_gmt":"2025-10-09T18:05:12","guid":{"rendered":"https:\/\/www.europesays.com\/fr\/450606\/"},"modified":"2025-10-09T18:05:12","modified_gmt":"2025-10-09T18:05:12","slug":"le-fabuleux-destin-darielle-beck-nouvelle-egerie-du-piano-francais","status":"publish","type":"post","link":"https:\/\/www.europesays.com\/fr\/450606\/","title":{"rendered":"Le fabuleux destin d\u2019Arielle Beck, nouvelle \u00e9g\u00e9rie du piano fran\u00e7ais"},"content":{"rendered":"<p>                         <img loading=\"lazy\" decoding=\"async\" src=\"https:\/\/www.europesays.com\/fr\/wp-content\/uploads\/2025\/10\/0096915_upload-1-exgvw4x1zob1-arielle-beck-4-a-julien-benhamou-2025.jpg\" alt=\"Arielle Beck, \u00e0 Paris, en avril 2025.\"   width=\"664\" height=\"443\"\/>    Arielle Beck, \u00e0 Paris, en avril 2025.  JULIEN BENHAMOU                 <\/p>\n<p class=\"article__paragraph  \">Il est 11\u00a0heures le 1er\u00a0octobre pr\u00e8s de la gare de l\u2019Est, \u00e0 Paris. Du hall d\u2019un calme immeuble haussmannien filtrent des bribes de la Sonate n\u00a0\u00b03 de Chopin. La porte d\u2019entr\u00e9e s\u2019ouvre sur une jeune fille gracile et gracieuse, dont les traits juv\u00e9niles, la peau diaphane et le flot mousseux de boucles ch\u00e2tain dor\u00e9 \u00e9voquent \u00e0 la fois les anges musiciens de la Renaissance et quelque nymphe pr\u00e9rapha\u00e9lite. A 16\u00a0ans, Arielle Beck vient de sortir chez Mirare un tr\u00e8s beau premier album consacr\u00e9 \u00e0 Schumann et Brahms. Elle fera ses d\u00e9buts en r\u00e9cital le 12\u00a0octobre dans la s\u00e9rie des \u00ab\u00a0concerts du dimanche\u00a0\u00bb au Th\u00e9\u00e2tre des Champs-Elys\u00e9es.<\/p>\n<p class=\"article__paragraph  \">Pour \u00eatre une donn\u00e9e dans l\u2019histoire de la musique depuis Mozart, la pr\u00e9cocit\u00e9 n\u2019en reste pas moins un myst\u00e8re. La jeune Arielle Beck, n\u00e9e le 19\u00a0janvier\u00a02009 \u00e0 Paris, porte d\u2019ailleurs au f\u00e9minin le nom du g\u00e9nie de l\u2019air dans La Temp\u00eate, de Shakespeare, un auteur qu\u2019elle lit depuis l\u2019enfance (Rom\u00e9o et Juliette, Le Songe d\u2019une nuit d\u2019\u00e9t\u00e9) tout comme elle pratique le piano depuis l\u2019\u00e2ge de 4\u00a0ans, convaincue, d\u00e8s son premier concert, \u00e0 9\u00a0ans, que sa vie s\u2019attacherait, les doigts plus ou moins arrondis, \u00e0 un alignement de touches noires et blanches.<\/p>\n<p class=\"reading-mode-only \"><strong>Il vous reste 87.62% de cet article \u00e0 lire. La suite est r\u00e9serv\u00e9e aux abonn\u00e9s.<\/strong><\/p>\n","protected":false},"excerpt":{"rendered":"Arielle Beck, \u00e0 Paris, en avril 2025. JULIEN BENHAMOU Il est 11\u00a0heures le 1er\u00a0octobre pr\u00e8s de la gare&hellip;\n","protected":false},"author":2,"featured_media":450607,"comment_status":"","ping_status":"","sticky":false,"template":"","format":"standard","meta":{"footnotes":""},"categories":[1888],"tags":[1111,1928,11,1927,1777,674,1011,27,12,1926,626,1925,25],"class_list":{"0":"post-450606","1":"post","2":"type-post","3":"status-publish","4":"format-standard","5":"has-post-thumbnail","7":"category-paris","8":"tag-actu","9":"tag-actu-paris","10":"tag-actualites","11":"tag-actualites-paris","12":"tag-eu","13":"tag-europe","14":"tag-fr","15":"tag-france","16":"tag-news","17":"tag-news-paris","18":"tag-paris","19":"tag-paris-news","20":"tag-republique-francaise"},"share_on_mastodon":{"url":"https:\/\/pubeurope.com\/@fr\/115345537825541292","error":""},"_links":{"self":[{"href":"https:\/\/www.europesays.com\/fr\/wp-json\/wp\/v2\/posts\/450606","targetHints":{"allow":["GET"]}}],"collection":[{"href":"https:\/\/www.europesays.com\/fr\/wp-json\/wp\/v2\/posts"}],"about":[{"href":"https:\/\/www.europesays.com\/fr\/wp-json\/wp\/v2\/types\/post"}],"author":[{"embeddable":true,"href":"https:\/\/www.europesays.com\/fr\/wp-json\/wp\/v2\/users\/2"}],"replies":[{"embeddable":true,"href":"https:\/\/www.europesays.com\/fr\/wp-json\/wp\/v2\/comments?post=450606"}],"version-history":[{"count":0,"href":"https:\/\/www.europesays.com\/fr\/wp-json\/wp\/v2\/posts\/450606\/revisions"}],"wp:featuredmedia":[{"embeddable":true,"href":"https:\/\/www.europesays.com\/fr\/wp-json\/wp\/v2\/media\/450607"}],"wp:attachment":[{"href":"https:\/\/www.europesays.com\/fr\/wp-json\/wp\/v2\/media?parent=450606"}],"wp:term":[{"taxonomy":"category","embeddable":true,"href":"https:\/\/www.europesays.com\/fr\/wp-json\/wp\/v2\/categories?post=450606"},{"taxonomy":"post_tag","embeddable":true,"href":"https:\/\/www.europesays.com\/fr\/wp-json\/wp\/v2\/tags?post=450606"}],"curies":[{"name":"wp","href":"https:\/\/api.w.org\/{rel}","templated":true}]}}