{"id":450608,"date":"2025-10-09T18:06:11","date_gmt":"2025-10-09T18:06:11","guid":{"rendered":"https:\/\/www.europesays.com\/fr\/450608\/"},"modified":"2025-10-09T18:06:11","modified_gmt":"2025-10-09T18:06:11","slug":"faisal-ben-farhane-arrive-a-paris-pour-une-reunion-sur-gaza","status":"publish","type":"post","link":"https:\/\/www.europesays.com\/fr\/450608\/","title":{"rendered":"Faisal ben Farhane arrive \u00e0 Paris pour une r\u00e9union sur Gaza"},"content":{"rendered":"<p>PARIS: Non \u00e0 un Premier ministre de gauche ou macroniste, non \u00e0 une suspension de la r\u00e9forme des retraites: Bruno Retailleau a pos\u00e9 ses conditions \u00e0 une participation \u00ab\u00a0exigeante\u00a0\u00bb lors d&rsquo;une r\u00e9union en visio mercredi soir avec les parlementaires LR, ont indiqu\u00e9 \u00e0 l&rsquo;AFP des participants.<\/p>\n<p>\u00ab\u00a0Il ne faut pas s&#8217;embarquer dans une aventure qui pourrait nous nuire\u00a0\u00bb, a pr\u00e9venu mercredi soir le ministre de l&rsquo;Int\u00e9rieur d\u00e9missionnaire, apr\u00e8s l&rsquo;annonce par l&rsquo;Elys\u00e9e qu&rsquo;un nouveau chef du gouvernement serait nomm\u00e9 dans les 48 heures.<\/p>\n<p>Il a r\u00e9it\u00e9r\u00e9 son refus de participer \u00e0 un gouvernement dirig\u00e9 par un Premier ministre de gauche et exig\u00e9 que le prochain locataire de Matignon \u00ab\u00a0s&rsquo;\u00e9loigne de la Macronie pour donner une assurance aux Fran\u00e7ais (et) que le message envoy\u00e9 par les Fran\u00e7ais lors des l\u00e9gislatives et des partielles soit respect\u00e9\u00a0\u00bb.<\/p>\n<p>Quant \u00e0 une \u00e9ventuelle suspension de la r\u00e9forme des retraites, c&rsquo;est aussi non: \u00ab\u00a0Si on accepte \u00e7a, toutes les futures reformes de fond, les r\u00e9formes structurelles, pourraient \u00eatre contest\u00e9es dans la rue\u00a0\u00bb, a-t-il affirm\u00e9.<\/p>\n<p>\u00ab\u00a0A titre personnel, je n&rsquo;irai pas dans un gouvernement qui voudrait abroger ou suspendre la reforme des retraites ou m\u00eame un Lecornu bis\u00a0\u00bb, a insist\u00e9 le Vend\u00e9en.<\/p>\n<p>Lors de cette r\u00e9union qui n&rsquo;a pas abouti \u00e0 une d\u00e9cision sur la participation de LR au prochain ex\u00e9cutif, Bruno Retailleau a demand\u00e9 \u00ab\u00a0un mandat de n\u00e9gociation\u00a0\u00bb, avec le patron des d\u00e9put\u00e9s LR Laurent Wauquiez et celui des s\u00e9nateurs Mathieu Darnaud, pour discuter avec le prochain chef du gouvernement.<\/p>\n<p>Pour sa part, Laurent Wauquiez a indiqu\u00e9 qu&rsquo;une \u00ab\u00a0tr\u00e8s large majorit\u00e9\u00a0\u00bb des 50 d\u00e9put\u00e9s LR \u00ab\u00a0sont favorables \u00e0 la poursuite du socle commun\u00a0\u00bb, tout en indiquant que lui-m\u00eame ne l&rsquo;\u00e9tait pas, mais qu&rsquo;il respecterait la d\u00e9cision collective.<\/p>\n<p>\u00ab\u00a0Les d\u00e9put\u00e9s sont les premiers concern\u00e9s. Il faut qu&rsquo;ils soient concert\u00e9s et respect\u00e9s\u00a0\u00bb, a-t-il ajout\u00e9, rappelant qu&rsquo;une dissolution de l&rsquo;Assembl\u00e9e mettrait en premi\u00e8re ligne les \u00e9lus LR, dont beaucoup ont sauv\u00e9 leur peau de justesse l&rsquo;an dernier face au RN dans des circonscriptions rurales.<\/p>\n<p>R\u00e9cemment \u00e9lu \u00e0 l&rsquo;Assembl\u00e9e, l&rsquo;ex-Premier ministre Michel Barnier a estim\u00e9 que \u00ab\u00a0la participation au gouvernement\u00a0\u00bb \u00e9tait \u00ab\u00a0la solution la moins mauvaise\u00a0\u00bb, plaidant pour \u00ab\u00a0une participation exigeante et lucide\u00a0\u00bb.<\/p>\n<p>Pour sa part, le d\u00e9put\u00e9 des Hauts-de-Seine Philippe Juvin, nomm\u00e9 la semaine derni\u00e8re rapporteur g\u00e9n\u00e9ral du budget, a consid\u00e9r\u00e9 que \u00ab\u00a0l&rsquo;abandon transitoire de la r\u00e9forme des retraites co\u00fbtera moins que pas de budget\u00a0\u00bb.<\/p>\n","protected":false},"excerpt":{"rendered":"PARIS: Non \u00e0 un Premier ministre de gauche ou macroniste, non \u00e0 une suspension de la r\u00e9forme des&hellip;\n","protected":false},"author":2,"featured_media":450609,"comment_status":"","ping_status":"","sticky":false,"template":"","format":"standard","meta":{"footnotes":""},"categories":[1888],"tags":[1111,1928,11,1927,1777,674,1011,27,12,1926,626,1925,25],"class_list":{"0":"post-450608","1":"post","2":"type-post","3":"status-publish","4":"format-standard","5":"has-post-thumbnail","7":"category-paris","8":"tag-actu","9":"tag-actu-paris","10":"tag-actualites","11":"tag-actualites-paris","12":"tag-eu","13":"tag-europe","14":"tag-fr","15":"tag-france","16":"tag-news","17":"tag-news-paris","18":"tag-paris","19":"tag-paris-news","20":"tag-republique-francaise"},"share_on_mastodon":{"url":"https:\/\/pubeurope.com\/@fr\/115345541377632569","error":""},"_links":{"self":[{"href":"https:\/\/www.europesays.com\/fr\/wp-json\/wp\/v2\/posts\/450608","targetHints":{"allow":["GET"]}}],"collection":[{"href":"https:\/\/www.europesays.com\/fr\/wp-json\/wp\/v2\/posts"}],"about":[{"href":"https:\/\/www.europesays.com\/fr\/wp-json\/wp\/v2\/types\/post"}],"author":[{"embeddable":true,"href":"https:\/\/www.europesays.com\/fr\/wp-json\/wp\/v2\/users\/2"}],"replies":[{"embeddable":true,"href":"https:\/\/www.europesays.com\/fr\/wp-json\/wp\/v2\/comments?post=450608"}],"version-history":[{"count":0,"href":"https:\/\/www.europesays.com\/fr\/wp-json\/wp\/v2\/posts\/450608\/revisions"}],"wp:featuredmedia":[{"embeddable":true,"href":"https:\/\/www.europesays.com\/fr\/wp-json\/wp\/v2\/media\/450609"}],"wp:attachment":[{"href":"https:\/\/www.europesays.com\/fr\/wp-json\/wp\/v2\/media?parent=450608"}],"wp:term":[{"taxonomy":"category","embeddable":true,"href":"https:\/\/www.europesays.com\/fr\/wp-json\/wp\/v2\/categories?post=450608"},{"taxonomy":"post_tag","embeddable":true,"href":"https:\/\/www.europesays.com\/fr\/wp-json\/wp\/v2\/tags?post=450608"}],"curies":[{"name":"wp","href":"https:\/\/api.w.org\/{rel}","templated":true}]}}