{"id":450610,"date":"2025-10-09T18:07:18","date_gmt":"2025-10-09T18:07:18","guid":{"rendered":"https:\/\/www.europesays.com\/fr\/450610\/"},"modified":"2025-10-09T18:07:18","modified_gmt":"2025-10-09T18:07:18","slug":"que-vaut-le-nouveau-depart-du-celebre-restaurant-prunier-a-paris","status":"publish","type":"post","link":"https:\/\/www.europesays.com\/fr\/450610\/","title":{"rendered":"Que vaut le nouveau d\u00e9part du c\u00e9l\u00e8bre restaurant Prunier \u00e0 Paris\u00a0?"},"content":{"rendered":"<p>\n    <strong>CRITIQUE GASTRONOMIQUE &#8211; <\/strong>L\u2019institution marine de l\u2019avenue Victor-Hugo salue Yannick All\u00e9no et rena\u00eet sous la houlette de Benjamin Patou. Assez pour renouer \u00e0 la f\u00eate\u00a0?<\/p>\n<p class=\"fig-paragraph\">Oh l\u00e0 l\u00e0, Prunier\u00a0! Cette fois encore, dans son \u00e9ternel retour. Cette fois encore, au tournis de sa valse.\u00a0<a href=\"http:\/\/www.lefigaro.fr\/gastronomie\/yannick-alleno-remplace-jean-imbert-chez-monsieur-dior-et-etend-son-empire-gastronomique-20250915\" target=\"_blank\" data-fig-type=\"Article\" rel=\"noopener\" data-gtm-custom-categorie=\"navigation\" data-gtm-custom-action=\"crossclick\" data-gtm-custom-label=\"Contextuel\" data-gtm-event=\"customEventSPE\" data-fig-domain=\"LEFIGARO\">Yannick All\u00e9no<\/a>\u00a0vient de s\u2019y faire \u00e9conduire (lui apr\u00e8s d\u2019autres) et\u00a0<a href=\"https:\/\/www.lefigaro.fr\/actualite-france\/benjamin-patou-sur-l-ecran-noir-de-ses-nuits-blanches-20220911\" target=\"_blank\" data-fig-type=\"Article\" rel=\"noopener\" data-gtm-custom-categorie=\"navigation\" data-gtm-custom-action=\"crossclick\" data-gtm-custom-label=\"Contextuel\" data-gtm-event=\"customEventSPE\" data-fig-domain=\"LEFIGARO\">Benjamin Patou<\/a>\u00a0(Lap\u00e9rouse, Lafayette\u2019s) chavire au charme et reprend en coup de foudre. Ultime pirouette, derni\u00e8re chance, r\u00e9ussi, pas r\u00e9ussi\u00a0?<\/p>\n<p class=\"fig-paragraph\">Rappeler d\u2019abord\u00a0<a href=\"https:\/\/www.lefigaro.fr\/gastronomie\/maison-prunier-la-legende-centenaire-d-un-restaurant-mythique-20240412\" data-fig-type=\"Article\" data-gtm-custom-categorie=\"navigation\" data-gtm-custom-action=\"crossclick\" data-gtm-custom-label=\"Contextuel\" data-gtm-event=\"customEventSPE\" data-fig-domain=\"LEFIGARO\" target=\"_blank\" rel=\"noopener\">cette beaut\u00e9 fatale de la gastronomie parisienne<\/a>, le monde entier si souvent \u00e0 son cou, l\u2019Atlantide et l\u2019Art D\u00e9co unis pour r\u00eaver une allure, un si\u00e8cle \u00e0 inventer\u00a0<a href=\"http:\/\/www.lefigaro.fr\/gastronomie\/sur-un-nugget-de-poulet-ou-un-hot-dog-dans-les-bars-a-cocktails-a-new-york-le-caviar-s-encanaille-20250613\" target=\"_blank\" data-fig-type=\"Article\" rel=\"noopener\" data-gtm-custom-categorie=\"navigation\" data-gtm-custom-action=\"crossclick\" data-gtm-custom-label=\"Contextuel\" data-gtm-event=\"customEventSPE\" data-fig-domain=\"LEFIGARO\">le caviar<\/a>\u00a0\u00e0 Paris, les bars \u00e0 manger, le vin en carafe, inviter le gotha quand il avait du talent et l\u2019\u00e9rog\u00e8ne lorsqu\u2019il s\u2019en tenait \u00e0 faire climat, la table f\u00e9tiche de Dior, de Saint-Laurent et, depuis vingt ans, follement perdue en son miroir. Quelque part entre Sunset Boulevard et Trop belle pour toi. Intimidante, min\u00e9rale, garce, hautaine \u00e0 repasser les vieilles images de son livre d\u2019or dans les marbres d\u2019un vertige de d\u00e9cor.<\/p>\n<p class=\"fig-paragraph\">Depuis deux semaines, on a envie de croire au grand retour\u2026<\/p>\n<p class=\"fig-premium-paywall__infos\">\n        Cet article est r\u00e9serv\u00e9 aux abonn\u00e9s.        Il vous reste 71% \u00e0 d\u00e9couvrir.\n    <\/p>\n<p>                <img  data- alt=\"Le Figaro\" class=\"fig-img--complete fig-img\"\/><\/p>\n<p class=\"fig-premium-paywall__title\">J-100, Le Figaro f\u00eate ses 200 ans<\/p>\n<p class=\"fig-premium-paywall__subtitle\">Offre anniversaire : 2\u20ac\/mois pendant 200 semaines<\/p>\n<p class=\"fig-premium-paywall__connect\">\n                D\u00e9j\u00e0 abonn\u00e9\u00a0?                <a class=\"fig-premium-paywall__connect-link\" href=\"https:\/\/connect.lefigaro.fr\/login?client=horizon_web&amp;type=main&amp;redirect_uri=https%3A%2F%2Fwww.lefigaro.fr%2Fgastronomie%2Fque-vaut-le-nouveau-depart-du-celebre-restaurant-prunier-a-paris-20251009\" data-js-gtm=\"{&quot;customCategorie&quot;: &quot;conversion&quot;, &quot;customAction&quot;: &quot;before_Landing_Connexion_paywall_auto&quot;, &quot;customLabel&quot;: &quot;bGVmaWdhcm8uZnJfXzFmMGE0Zjk5LWY4ODctNjU2OC1iNTRhLWQ5MTVmNjNiZmNmNF9fQXJ0aWNsZQ==_Que vaut le nouveau d\u00e9part du c\u00e9l\u00e8bre restaurant Prunier \u00e0 Paris\u00a0?_59&quot;, &quot;customIDSPE&quot;: &quot;bGVmaWdhcm8uZnJfXzFmMGE0Zjk5LWY4ODctNjU2OC1iNTRhLWQ5MTVmNjNiZmNmNF9fQXJ0aWNsZQ==&quot;, &quot;event&quot;: &quot;customEventSPE&quot;}\" target=\"_blank\" rel=\"noopener\"><br \/>\n                    Connectez-vous<br \/>\n                <\/a>\n            <\/p>\n","protected":false},"excerpt":{"rendered":"CRITIQUE GASTRONOMIQUE &#8211; L\u2019institution marine de l\u2019avenue Victor-Hugo salue Yannick All\u00e9no et rena\u00eet sous la houlette de Benjamin&hellip;\n","protected":false},"author":2,"featured_media":450611,"comment_status":"","ping_status":"","sticky":false,"template":"","format":"standard","meta":{"footnotes":""},"categories":[1888],"tags":[11,1777,674,1011,27,12,626,25,2923,2068],"class_list":{"0":"post-450610","1":"post","2":"type-post","3":"status-publish","4":"format-standard","5":"has-post-thumbnail","7":"category-paris","8":"tag-actualites","9":"tag-eu","10":"tag-europe","11":"tag-fr","12":"tag-france","13":"tag-news","14":"tag-paris","15":"tag-republique-francaise","16":"tag-restaurants","17":"tag-sortir-a-paris"},"share_on_mastodon":{"url":"https:\/\/pubeurope.com\/@fr\/115345545219714184","error":""},"_links":{"self":[{"href":"https:\/\/www.europesays.com\/fr\/wp-json\/wp\/v2\/posts\/450610","targetHints":{"allow":["GET"]}}],"collection":[{"href":"https:\/\/www.europesays.com\/fr\/wp-json\/wp\/v2\/posts"}],"about":[{"href":"https:\/\/www.europesays.com\/fr\/wp-json\/wp\/v2\/types\/post"}],"author":[{"embeddable":true,"href":"https:\/\/www.europesays.com\/fr\/wp-json\/wp\/v2\/users\/2"}],"replies":[{"embeddable":true,"href":"https:\/\/www.europesays.com\/fr\/wp-json\/wp\/v2\/comments?post=450610"}],"version-history":[{"count":0,"href":"https:\/\/www.europesays.com\/fr\/wp-json\/wp\/v2\/posts\/450610\/revisions"}],"wp:featuredmedia":[{"embeddable":true,"href":"https:\/\/www.europesays.com\/fr\/wp-json\/wp\/v2\/media\/450611"}],"wp:attachment":[{"href":"https:\/\/www.europesays.com\/fr\/wp-json\/wp\/v2\/media?parent=450610"}],"wp:term":[{"taxonomy":"category","embeddable":true,"href":"https:\/\/www.europesays.com\/fr\/wp-json\/wp\/v2\/categories?post=450610"},{"taxonomy":"post_tag","embeddable":true,"href":"https:\/\/www.europesays.com\/fr\/wp-json\/wp\/v2\/tags?post=450610"}],"curies":[{"name":"wp","href":"https:\/\/api.w.org\/{rel}","templated":true}]}}