{"id":450614,"date":"2025-10-09T18:09:11","date_gmt":"2025-10-09T18:09:11","guid":{"rendered":"https:\/\/www.europesays.com\/fr\/450614\/"},"modified":"2025-10-09T18:09:11","modified_gmt":"2025-10-09T18:09:11","slug":"la-russie-veut-montrer-que-lotan-nest-pas-au-rendez-vous-mais-nous-le-sommes","status":"publish","type":"post","link":"https:\/\/www.europesays.com\/fr\/450614\/","title":{"rendered":"\u00abLa Russie veut montrer que l\u2019Otan n\u2019est pas au rendez-vous, mais nous le sommes\u00bb"},"content":{"rendered":"<p>\n    <strong>GRAND ENTRETIEN<\/strong> &#8211; Le g\u00e9n\u00e9ral quatre \u00e9toiles Pierre Vandier, commandant supr\u00eame en charge de la transformation de l\u2019Otan, s\u2019est confi\u00e9 dans un entretien exclusif, en pleine recrudescence de la guerre hybride russe contre l\u2019Alliance.<\/p>\n<p class=\"fig-paragraph\"><strong>On voit se multiplier les<\/strong><a href=\"http:\/\/www.lefigaro.fr\/international\/comment-le-danemark-se-prepare-a-accueillir-le-sommet-europeen-informel-apres-les-incursions-de-drones-20250929\" data-fig-type=\"Article\" data-gtm-custom-categorie=\"navigation\" data-gtm-custom-action=\"crossclick\" data-gtm-custom-label=\"Contextuel\" data-gtm-event=\"customEventSPE\" data-fig-domain=\"LEFIGARO\" target=\"_blank\" rel=\"noopener\"><strong>\u00a0incursions de drones<\/strong><\/a> <strong>\u00a0\u00e0 travers l\u2019Europe\u2026 Comment comprendre cette escalade russe en territoire Otan\u00a0?<\/strong><\/p>\n<p class=\"fig-paragraph\"><strong>PIERRE VANDIER. &#8211;<\/strong> Il n\u2019y a pas vraiment de nouveaut\u00e9. Cela fait m\u00eame un certain temps qu\u2019on voit un continuum d\u2019actions sous le seuil du conflit arm\u00e9, des sortes de piq\u00fbres faites pour tester et saper la confiance que les Europ\u00e9ens peuvent avoir en leur s\u00e9curit\u00e9 collective. L\u2019effet recherch\u00e9 est de montrer que l\u2019Alliance n\u2019est pas au rendez-vous, pas pr\u00eate. Or, \u00e0 bien des \u00e9gards,\u00a0<a href=\"http:\/\/www.lefigaro.fr\/international\/drones-face-aux-provocations-de-la-russie-l-otan-cherche-la-parade-20251001\" data-fig-type=\"Article\" data-gtm-custom-categorie=\"navigation\" data-gtm-custom-action=\"crossclick\" data-gtm-custom-label=\"Contextuel\" data-gtm-event=\"customEventSPE\" data-fig-domain=\"LEFIGARO\" target=\"_blank\" rel=\"noopener\">l\u2019Otan\u00a0<\/a>a prouv\u00e9 le contraire, comme cela a \u00e9t\u00e9 le cas avec l\u2019op\u00e9ration Baltic Sentry conduite par ACO, le \u00ab\u00a0Commandement alli\u00e9 Op\u00e9rations\u00a0\u00bb, sur laquelle l\u2019Alliance a r\u00e9pondu avec c\u00e9l\u00e9rit\u00e9 et professionnalisme. En parall\u00e8le, ACT, le \u00ab\u00a0Commandement alli\u00e9 Transformation\u00a0\u00bb que je dirige, a lanc\u00e9 la Task Force X.<\/p>\n<p class=\"fig-paragraph\">Apr\u00e8s la\u00a0<a href=\"http:\/\/www.lefigaro.fr\/secteur\/high-tech\/des-cables-sous-marins-servant-au-reseau-internet-international-sectionnes-en-mer-rouge-annonce-microsoft-20250907\" data-fig-type=\"NewsFlash\" data-gtm-custom-categorie=\"navigation\" data-gtm-custom-action=\"crossclick\" data-gtm-custom-label=\"Contextuel\" data-gtm-event=\"customEventSPE\" data-fig-domain=\"LEFIGARO\" target=\"_blank\" rel=\"noopener\">coupure de c\u00e2bles sous-marins dans la Baltique<\/a>\u00a0en d\u00e9cembre 2024, nous avons d\u00e9montr\u00e9 en moins de 5\u00a0mois, qu\u2019on \u00e9tait capables, avec la Task Force X, de d\u00e9ployer\u2026<\/p>\n<p class=\"fig-premium-paywall__infos\">\n        Cet article est r\u00e9serv\u00e9 aux abonn\u00e9s.        Il vous reste 93% \u00e0 d\u00e9couvrir.\n    <\/p>\n<p>                <img  data- alt=\"Le Figaro\" class=\"fig-img--complete fig-img\"\/><\/p>\n<p class=\"fig-premium-paywall__title\">J-100, Le Figaro f\u00eate ses 200 ans<\/p>\n<p class=\"fig-premium-paywall__subtitle\">Offre anniversaire : 2\u20ac\/mois pendant 200 semaines<\/p>\n<p class=\"fig-premium-paywall__connect\">\n                D\u00e9j\u00e0 abonn\u00e9\u00a0?                <a class=\"fig-premium-paywall__connect-link\" href=\"https:\/\/connect.lefigaro.fr\/login?client=horizon_web&amp;type=main&amp;redirect_uri=https%3A%2F%2Fwww.lefigaro.fr%2Finternational%2Fgeneral-pierre-vandier-au-figaro-la-russie-veut-montrer-que-l-otan-n-est-pas-au-rendez-vous-mais-nous-le-sommes-20251009\" data-js-gtm=\"{&quot;customCategorie&quot;: &quot;conversion&quot;, &quot;customAction&quot;: &quot;before_Landing_Connexion_paywall_auto&quot;, &quot;customLabel&quot;: &quot;bGVmaWdhcm8uZnJfXzFmMGE0OGNjLTA5YmUtNjNiYS04NWMzLTliNmFlNWUwMjg2NV9fQXJ0aWNsZQ==_G\u00e9n\u00e9ral Pierre Vandier au &lt;i&gt;Figaro &lt;\/i&gt;: \u00abLa Russie veut montrer que l\u2019Otan n\u2019est pas au rendez-vous, mais nous le sommes\u00bb_164&quot;, &quot;customIDSPE&quot;: &quot;bGVmaWdhcm8uZnJfXzFmMGE0OGNjLTA5YmUtNjNiYS04NWMzLTliNmFlNWUwMjg2NV9fQXJ0aWNsZQ==&quot;, &quot;event&quot;: &quot;customEventSPE&quot;}\" target=\"_blank\" rel=\"noopener\"><br \/>\n                    Connectez-vous<br \/>\n                <\/a>\n            <\/p>\n","protected":false},"excerpt":{"rendered":"GRAND ENTRETIEN &#8211; Le g\u00e9n\u00e9ral quatre \u00e9toiles Pierre Vandier, commandant supr\u00eame en charge de la transformation de l\u2019Otan,&hellip;\n","protected":false},"author":2,"featured_media":450615,"comment_status":"","ping_status":"","sticky":false,"template":"","format":"standard","meta":{"footnotes":""},"categories":[1591],"tags":[11,554,674,1887,12,136,1885,1886,132,135],"class_list":{"0":"post-450614","1":"post","2":"type-post","3":"status-publish","4":"format-standard","5":"has-post-thumbnail","7":"category-russie","8":"tag-actualites","9":"tag-defense","10":"tag-europe","11":"tag-federation-de-russie","12":"tag-news","13":"tag-otan","14":"tag-russia","15":"tag-russian-federation","16":"tag-russie","17":"tag-vladimir-poutine"},"share_on_mastodon":{"url":"https:\/\/pubeurope.com\/@fr\/115345553135985081","error":""},"_links":{"self":[{"href":"https:\/\/www.europesays.com\/fr\/wp-json\/wp\/v2\/posts\/450614","targetHints":{"allow":["GET"]}}],"collection":[{"href":"https:\/\/www.europesays.com\/fr\/wp-json\/wp\/v2\/posts"}],"about":[{"href":"https:\/\/www.europesays.com\/fr\/wp-json\/wp\/v2\/types\/post"}],"author":[{"embeddable":true,"href":"https:\/\/www.europesays.com\/fr\/wp-json\/wp\/v2\/users\/2"}],"replies":[{"embeddable":true,"href":"https:\/\/www.europesays.com\/fr\/wp-json\/wp\/v2\/comments?post=450614"}],"version-history":[{"count":0,"href":"https:\/\/www.europesays.com\/fr\/wp-json\/wp\/v2\/posts\/450614\/revisions"}],"wp:featuredmedia":[{"embeddable":true,"href":"https:\/\/www.europesays.com\/fr\/wp-json\/wp\/v2\/media\/450615"}],"wp:attachment":[{"href":"https:\/\/www.europesays.com\/fr\/wp-json\/wp\/v2\/media?parent=450614"}],"wp:term":[{"taxonomy":"category","embeddable":true,"href":"https:\/\/www.europesays.com\/fr\/wp-json\/wp\/v2\/categories?post=450614"},{"taxonomy":"post_tag","embeddable":true,"href":"https:\/\/www.europesays.com\/fr\/wp-json\/wp\/v2\/tags?post=450614"}],"curies":[{"name":"wp","href":"https:\/\/api.w.org\/{rel}","templated":true}]}}