{"id":45062,"date":"2025-04-22T22:35:09","date_gmt":"2025-04-22T22:35:09","guid":{"rendered":"https:\/\/www.europesays.com\/fr\/45062\/"},"modified":"2025-04-22T22:35:09","modified_gmt":"2025-04-22T22:35:09","slug":"des-banderoles-insultantes-a-nantes-condamnees-par-le-psg-qui-denonce-un-amalgame-inacceptable","status":"publish","type":"post","link":"https:\/\/www.europesays.com\/fr\/45062\/","title":{"rendered":"des banderoles insultantes \u00e0 Nantes condamn\u00e9es par le PSG, qui d\u00e9nonce \u00abun amalgame inacceptable\u00bb"},"content":{"rendered":"<p>\u00c0 l\u2019occasion du match en retard de la 29e journ\u00e9e de Ligue 1 ce mardi, les supporters nantais ont d\u00e9ploy\u00e9 des banderoles sal\u00e9es envers la Ligue de football professionnel et le Paris Saint-Germain.<\/p>\n<p class=\"fig-paragraph\">\u00abMatch d\u00e9cal\u00e9 = la LFP se couche encore devant le PSG. Et on prend un sacr\u00e9 Doha dans le cul\u00bb. Ce mardi, avant le coup d\u2019envoi du match en retard de la 29e journ\u00e9e de Ligue 1 entre le FC Nantes et le Paris Saint-Germain,\u00a0<a href=\"http:\/\/www.lefigaro.fr\/sports\/football\/ligue-1\/ligue-1-au-petit-trot-le-psg-concede-le-nul-a-nantes-20250422\" target=\"_blank\" data-fig-type=\"NewsFlash\" rel=\"noopener nofollow\" data-gtm-custom-categorie=\"navigation\" data-gtm-custom-action=\"crossclick\" data-gtm-custom-label=\"Contextuel\" data-gtm-event=\"customEventSPE\" data-fig-domain=\"LEFIGARO\">termin\u00e9 sur le score de 1-1<\/a>, les supporters nantais de la Brigade Loire avaient un message \u00e0 faire passer. Visant la Ligue de Football Professionnel, qui avait d\u00e9cal\u00e9 cette rencontre pour permettre au PSG de b\u00e9n\u00e9ficier d\u2019une semaine de repos complet entre ses deux matchs face \u00e0 Aston Villa (quart de finale de Ligue des champions), les ultras nantais de La Beaujoire ont accompagn\u00e9 leurs mots par des chants insultants durant la partie.<\/p>\n<p class=\"fig-paragraph\">Avec en outre un second message d\u00e9ploy\u00e9, plus long et encore destin\u00e9 aux instances du football fran\u00e7ais\u00a0: \u00abS\u2019ils avaient \u00e9t\u00e9 supporters, Chevalier et Diakit\u00e9 auraient pay\u00e9 une amende forfaitaire d\u00e9lictuelle, re\u00e7u une interdiction commerciale de stade, re\u00e7u une interdiction administrative de stade avec pointage, vu leur licence FFF suspendue par la LFP. LFP\/Instances: hypocrisie et l\u00e2chet\u00e9\u00a0!\u00bb Faisant r\u00e9f\u00e9rence ici au craquage de fumig\u00e8nes effectu\u00e9s par les joueurs lillois Bafod\u00e9 Diakit\u00e9 et Lucas Chevalier \u00e0 l\u2019issue du derby Lille-Lens remport\u00e9 (1-0) par les Dogues, le 30 mars dernier.<\/p>\n<p>Le PSG r\u00e9agit<\/p>\n<p class=\"fig-paragraph\">Quelques minutes apr\u00e8s le coup de sifflet final \u00e0 Nantes, le PSG, sur son compte officiel, a r\u00e9agi \u00e0 ses attaques du public nantais en publiant un communiqu\u00e9. Le club de la capitale \u00abcondamne avec la plus grande fermet\u00e9 les messages et chants injurieux et discriminatoires constat\u00e9s ce 22 avril au Stade de La Beaujoire\u00bb, ajoutant que \u00abces propos participent \u00e0 un amalgame inacceptable, totalement \u00e9tranger \u00e0 l\u2019esprit de comp\u00e9tition et aux valeurs du sport.\u00bb Avant de rappeler, en conclusion, \u00abson attachement absolu au respect des personnes, au refus de toute forme de haine ou de stigmatisation, et au bon d\u00e9roulement des comp\u00e9titions dans un climat serein.\u00bb<\/p>\n","protected":false},"excerpt":{"rendered":"\u00c0 l\u2019occasion du match en retard de la 29e journ\u00e9e de Ligue 1 ce mardi, les supporters nantais&hellip;\n","protected":false},"author":2,"featured_media":45063,"comment_status":"","ping_status":"","sticky":false,"template":"","format":"standard","meta":{"footnotes":""},"categories":[1412],"tags":[525,1981,814,1451,462,2257,63,1452,1453,1454,1455,1011,27,3309,66,1307,955,1176,978,91,93,1980,60],"class_list":{"0":"post-45062","1":"post","2":"type-post","3":"status-publish","4":"format-standard","5":"has-post-thumbnail","7":"category-f1","8":"tag-calendrier","9":"tag-classement","10":"tag-direct","11":"tag-f1","12":"tag-fc-nantes","13":"tag-foot","14":"tag-football","15":"tag-formula-1","16":"tag-formula1","17":"tag-formule-1","18":"tag-formule1","19":"tag-fr","20":"tag-france","21":"tag-l1","22":"tag-ligue-1","23":"tag-lille","24":"tag-match","25":"tag-olympique-de-marseille","26":"tag-olympique-lyonnais","27":"tag-paris-saint-germain","28":"tag-psg","29":"tag-resultats","30":"tag-sports"},"share_on_mastodon":{"url":"https:\/\/pubeurope.com\/@fr\/114384006254839978","error":""},"_links":{"self":[{"href":"https:\/\/www.europesays.com\/fr\/wp-json\/wp\/v2\/posts\/45062","targetHints":{"allow":["GET"]}}],"collection":[{"href":"https:\/\/www.europesays.com\/fr\/wp-json\/wp\/v2\/posts"}],"about":[{"href":"https:\/\/www.europesays.com\/fr\/wp-json\/wp\/v2\/types\/post"}],"author":[{"embeddable":true,"href":"https:\/\/www.europesays.com\/fr\/wp-json\/wp\/v2\/users\/2"}],"replies":[{"embeddable":true,"href":"https:\/\/www.europesays.com\/fr\/wp-json\/wp\/v2\/comments?post=45062"}],"version-history":[{"count":0,"href":"https:\/\/www.europesays.com\/fr\/wp-json\/wp\/v2\/posts\/45062\/revisions"}],"wp:featuredmedia":[{"embeddable":true,"href":"https:\/\/www.europesays.com\/fr\/wp-json\/wp\/v2\/media\/45063"}],"wp:attachment":[{"href":"https:\/\/www.europesays.com\/fr\/wp-json\/wp\/v2\/media?parent=45062"}],"wp:term":[{"taxonomy":"category","embeddable":true,"href":"https:\/\/www.europesays.com\/fr\/wp-json\/wp\/v2\/categories?post=45062"},{"taxonomy":"post_tag","embeddable":true,"href":"https:\/\/www.europesays.com\/fr\/wp-json\/wp\/v2\/tags?post=45062"}],"curies":[{"name":"wp","href":"https:\/\/api.w.org\/{rel}","templated":true}]}}