{"id":450628,"date":"2025-10-09T18:17:13","date_gmt":"2025-10-09T18:17:13","guid":{"rendered":"https:\/\/www.europesays.com\/fr\/450628\/"},"modified":"2025-10-09T18:17:13","modified_gmt":"2025-10-09T18:17:13","slug":"une-information-judiciaire-ouverte-contre-le-rappeur-accuse-de-viols-et-violences-liberation","status":"publish","type":"post","link":"https:\/\/www.europesays.com\/fr\/450628\/","title":{"rendered":"une information judiciaire ouverte contre le rappeur, accus\u00e9 de viols et violences \u2013 Lib\u00e9ration"},"content":{"rendered":"<p class=\"sc-cPiKLX AiZTS text-element\">Il est <a href=\"https:\/\/www.liberation.fr\/societe\/police-justice\/affaire-nekfeu-le-rappeur-vise-par-une-plainte-pour-viol-place-en-garde-a-vue-20250929_G6JAEH6QEFAYHPGE7RVCHRWK5U\/\" target=\"_blank\" rel=\"noopener\" title=\"https:\/\/www.liberation.fr\/societe\/police-justice\/affaire-nekfeu-le-rappeur-vise-par-une-plainte-pour-viol-place-en-garde-a-vue-20250929_G6JAEH6QEFAYHPGE7RVCHRWK5U\/\">sorti de garde \u00e0 vue le 30 septembre<\/a>, apr\u00e8s y \u00eatre entr\u00e9 la veille, sans qu\u2019aucune suite judiciaire ne soit alors communiqu\u00e9e. Ce jeudi 9 octobre, le parquet de Paris a requis l\u2019ouverture d\u2019une information judiciaire \u00e0 l\u2019encontre du rappeur Nekfeu, de son vrai nom Ken Samaras, a appris Lib\u00e9ration de source proche du dossier. Les investigations vont d\u00e9sormais \u00eatre confi\u00e9es \u00e0 un juge d\u2019instruction, qui d\u00e9cidera ou non de la mise en examen de l\u2019artiste. Jusqu\u2019alors, le dossier faisait l\u2019objet d\u2019une enqu\u00eate pr\u00e9liminaire, apr\u00e8s la plainte d\u00e9pos\u00e9e le 5 mars dernier par l\u2019ex-femme du rappeur. Celle-ci portait sur des faits de viols et de violences physiques. Contact\u00e9, le parquet de Paris n\u2019a pas donn\u00e9 suite \u00e0 nos sollicitations. <\/p>\n<p class=\"sc-cPiKLX AiZTS text-element\">Ag\u00e9e de 32 ans, Dina B. (1) accuse Ken Samaras de violences sexuelles, physiques et psychologiques, <a href=\"https:\/\/www.liberation.fr\/societe\/droits-des-femmes\/nekfeu-vise-par-une-enquete-pour-violences-sexuelles-son-ex-epouse-accuse-jai-mis-du-temps-avant-de-poser-le-mot-viol-20251003_5ZQPFMKPD5BSVDCO75F2TM3SVE\/\" target=\"_blank\" rel=\"noopener\" title=\"https:\/\/www.liberation.fr\/societe\/ &lt;div style=\" clear:=\"\" both=\"\"><\/p>\n","protected":false},"excerpt":{"rendered":"Il est sorti de garde \u00e0 vue le 30 septembre, apr\u00e8s y \u00eatre entr\u00e9 la veille, sans qu\u2019aucune&hellip;\n","protected":false},"author":2,"featured_media":450629,"comment_status":"","ping_status":"","sticky":false,"template":"","format":"standard","meta":{"footnotes":""},"categories":[2],"tags":[11,1011,27,12,22600,25,798,797,799],"class_list":{"0":"post-450628","1":"post","2":"type-post","3":"status-publish","4":"format-standard","5":"has-post-thumbnail","7":"category-actualites","8":"tag-actualites","9":"tag-fr","10":"tag-france","11":"tag-news","12":"tag-rap-hip-hop","13":"tag-republique-francaise","14":"tag-violences-conjugales","15":"tag-violences-faites-aux-femmes","16":"tag-violences-sexuelles"},"share_on_mastodon":{"url":"https:\/\/pubeurope.com\/@fr\/115345584579366740","error":""},"_links":{"self":[{"href":"https:\/\/www.europesays.com\/fr\/wp-json\/wp\/v2\/posts\/450628","targetHints":{"allow":["GET"]}}],"collection":[{"href":"https:\/\/www.europesays.com\/fr\/wp-json\/wp\/v2\/posts"}],"about":[{"href":"https:\/\/www.europesays.com\/fr\/wp-json\/wp\/v2\/types\/post"}],"author":[{"embeddable":true,"href":"https:\/\/www.europesays.com\/fr\/wp-json\/wp\/v2\/users\/2"}],"replies":[{"embeddable":true,"href":"https:\/\/www.europesays.com\/fr\/wp-json\/wp\/v2\/comments?post=450628"}],"version-history":[{"count":0,"href":"https:\/\/www.europesays.com\/fr\/wp-json\/wp\/v2\/posts\/450628\/revisions"}],"wp:featuredmedia":[{"embeddable":true,"href":"https:\/\/www.europesays.com\/fr\/wp-json\/wp\/v2\/media\/450629"}],"wp:attachment":[{"href":"https:\/\/www.europesays.com\/fr\/wp-json\/wp\/v2\/media?parent=450628"}],"wp:term":[{"taxonomy":"category","embeddable":true,"href":"https:\/\/www.europesays.com\/fr\/wp-json\/wp\/v2\/categories?post=450628"},{"taxonomy":"post_tag","embeddable":true,"href":"https:\/\/www.europesays.com\/fr\/wp-json\/wp\/v2\/tags?post=450628"}],"curies":[{"name":"wp","href":"https:\/\/api.w.org\/{rel}","templated":true}]}}