{"id":450644,"date":"2025-10-09T18:30:33","date_gmt":"2025-10-09T18:30:33","guid":{"rendered":"https:\/\/www.europesays.com\/fr\/450644\/"},"modified":"2025-10-09T18:30:33","modified_gmt":"2025-10-09T18:30:33","slug":"cette-ecole-de-lorne-va-porter-le-nom-dun-auteur-et-illustrateur-de-livre-pour-enfants","status":"publish","type":"post","link":"https:\/\/www.europesays.com\/fr\/450644\/","title":{"rendered":"Cette \u00e9cole de l\u2019Orne va porter le nom d\u2019un auteur et illustrateur de livre pour enfants"},"content":{"rendered":"<p>            Par<br \/>\n        <strong><br \/>\n            <a href=\"https:\/\/actu.fr\/auteur\/julien-boissel\" title=\"Consulter tous les articles de Julien Boissel\" rel=\"nofollow noopener\" target=\"_blank\">Julien Boissel<\/a><br \/>\n        <\/strong><\/p>\n<p>        Publi\u00e9 le<\/p>\n<p>            9 oct. 2025 \u00e0 19h16        <\/p>\n<p>L\u2019\u00e9cole de <a href=\"https:\/\/actu.fr\/normandie\/necy_61303\" rel=\"nofollow noopener\" target=\"_blank\">N\u00e9cy<\/a> (<a href=\"https:\/\/actu.fr\/normandie\/orne_61\" rel=\"nofollow noopener\" target=\"_blank\">Orne<\/a>) a une nouvelle identit\u00e9. Un mois apr\u00e8s la rentr\u00e9e scolaire dans ses <a href=\"https:\/\/actu.fr\/normandie\/necy_61303\/lecole-de-cette-petite-commune-de-lorne-metamorphosee-pour-la-rentree-2025_62903058.html\" rel=\"nofollow noopener\" target=\"_blank\">locaux flambant neuf<\/a>, l\u2019\u00e9cole est d\u00e9sormais dot\u00e9e d\u2019un nouveau nom. L\u2019\u00e9tablissement scolaire s\u2019appelle d\u00e9sormais l\u2019\u00e9cole <a href=\"https:\/\/actu.fr\/normandie\/putanges-le-lac_61339\/pef-installe-dans-l-orne-vient-de-publier-terra-migra-un-livre-sur-les-migrations-les-guerres-le-racisme_34043052.html\" rel=\"nofollow noopener\" target=\"_blank\">Pef<\/a>, en r\u00e9f\u00e9rence \u00e0 <b>l\u2019auteur et illustrateur de livre pour enfants<\/b> install\u00e9 dans le d\u00e9partement.<\/p>\n<p>Le nom de l\u2019\u00e9cole valid\u00e9 lors du conseil communautaire<\/p>\n<p class=\" wall-content\">Une concertation a \u00e9t\u00e9 conduite par l\u2019\u00e9quipe enseignante. Plusieurs noms ont \u00e9t\u00e9 propos\u00e9s et les \u00e9l\u00e8ves de l\u2019\u00e9cole, les familles, les enseignants et les agents de Terres d\u2019Argentan interco ont \u00e9t\u00e9 consult\u00e9s. La proposition a \u00e9t\u00e9 valid\u00e9e, mardi 30\u00a0septembre 2025, lors du conseil communautaire.<\/p>\n<p>    <img   decoding=\"async\" loading=\"lazy\" class=\"size-large\" src=\"https:\/\/www.europesays.com\/fr\/wp-content\/uploads\/2025\/10\/ec63b83ed7e864173b83ed7e83573bv-960x640.jpg\" alt=\"Pef auteur illustrateur livre enfant Orne\" width=\"960\" height=\"640\"\/><br \/>\n    Pef, auteur et illustrateur de livres pour enfants, va donner son nom \u00e0 l\u2019\u00e9cole de N\u00e9cy (Orne). \u00a9(\u00a9L\u2019Orne Combattante)<\/p>\n<p class=\" wall-content\">\u00ab\u2009Une d\u00e9marche de d\u00e9nomination des \u00e9coles du territoire de Terres d\u2019Argentan interco a \u00e9t\u00e9 propos\u00e9e aux directeurs des \u00e9coles publiques pour pouvoir d\u00e9velopper une meilleure signal\u00e9tique (r\u00e9alisation de totem, panneaux routiers)\u2009\u00bb, justifie <b>Jean-Louis Menereul, vice-pr\u00e9sident de Terres d\u2019Argentan d\u00e9l\u00e9gu\u00e9 \u00e0 l\u2019\u00e9ducation<\/b>.<\/p>\n<p class=\" wall-content\">Personnalisez votre actualit\u00e9 en ajoutant vos villes et m\u00e9dias en favori avec <a href=\"https:\/\/moncompte.actu.fr\" title=\"D\u00e9couvez Mon Actu\" rel=\"nofollow noopener\" data-trk=\"{&quot;cta&quot;:{&quot;action&quot;:&quot;https:\\\/\\\/moncompte.actu.fr&quot;,&quot;category&quot;:&quot;mon compte&quot;,&quot;from&quot;:&quot;article footer&quot;,&quot;name&quot;:&quot;Mon actu&quot;,&quot;type&quot;:&quot;cta&quot;}}\" target=\"_blank\">Mon Actu<\/a>.<\/p>\n","protected":false},"excerpt":{"rendered":"Par Julien Boissel Publi\u00e9 le 9 oct. 2025 \u00e0 19h16 L\u2019\u00e9cole de N\u00e9cy (Orne) a une nouvelle identit\u00e9.&hellip;\n","protected":false},"author":2,"featured_media":450645,"comment_status":"","ping_status":"","sticky":false,"template":"","format":"standard","meta":{"footnotes":""},"categories":[1357],"tags":[1379,58,4019,1057,59,1011,27,1380,104],"class_list":{"0":"post-450644","1":"post","2":"type-post","3":"status-publish","4":"format-standard","5":"has-post-thumbnail","7":"category-livres","8":"tag-books","9":"tag-divertissement","10":"tag-ecoles","11":"tag-education","12":"tag-entertainment","13":"tag-fr","14":"tag-france","15":"tag-livres","16":"tag-societe"},"share_on_mastodon":{"url":"https:\/\/pubeurope.com\/@fr\/115345636007397460","error":""},"_links":{"self":[{"href":"https:\/\/www.europesays.com\/fr\/wp-json\/wp\/v2\/posts\/450644","targetHints":{"allow":["GET"]}}],"collection":[{"href":"https:\/\/www.europesays.com\/fr\/wp-json\/wp\/v2\/posts"}],"about":[{"href":"https:\/\/www.europesays.com\/fr\/wp-json\/wp\/v2\/types\/post"}],"author":[{"embeddable":true,"href":"https:\/\/www.europesays.com\/fr\/wp-json\/wp\/v2\/users\/2"}],"replies":[{"embeddable":true,"href":"https:\/\/www.europesays.com\/fr\/wp-json\/wp\/v2\/comments?post=450644"}],"version-history":[{"count":0,"href":"https:\/\/www.europesays.com\/fr\/wp-json\/wp\/v2\/posts\/450644\/revisions"}],"wp:featuredmedia":[{"embeddable":true,"href":"https:\/\/www.europesays.com\/fr\/wp-json\/wp\/v2\/media\/450645"}],"wp:attachment":[{"href":"https:\/\/www.europesays.com\/fr\/wp-json\/wp\/v2\/media?parent=450644"}],"wp:term":[{"taxonomy":"category","embeddable":true,"href":"https:\/\/www.europesays.com\/fr\/wp-json\/wp\/v2\/categories?post=450644"},{"taxonomy":"post_tag","embeddable":true,"href":"https:\/\/www.europesays.com\/fr\/wp-json\/wp\/v2\/tags?post=450644"}],"curies":[{"name":"wp","href":"https:\/\/api.w.org\/{rel}","templated":true}]}}