{"id":450655,"date":"2025-10-09T18:36:15","date_gmt":"2025-10-09T18:36:15","guid":{"rendered":"https:\/\/www.europesays.com\/fr\/450655\/"},"modified":"2025-10-09T18:36:15","modified_gmt":"2025-10-09T18:36:15","slug":"cette-superstar-se-produira-a-pierre-mauroy-en-2026","status":"publish","type":"post","link":"https:\/\/www.europesays.com\/fr\/450655\/","title":{"rendered":"cette superstar se produira \u00e0 Pierre-Mauroy en 2026"},"content":{"rendered":"<p>            Par<br \/>\n        <strong><br \/>\n            <a href=\"https:\/\/actu.fr\/auteur\/margot-nicodeme\" title=\"Consulter tous les articles de Margot Nicod\u00e8me\" target=\"_blank\" rel=\"noopener\">Margot Nicod\u00e8me<\/a><br \/>\n        <\/strong><\/p>\n<p>        Publi\u00e9 le<\/p>\n<p>            9 oct. 2025 \u00e0 16h38        <\/p>\n<p>La nouvelle vient tout juste de tomber, peu apr\u00e8s 16h, ce jeudi 9 octobre : <b>le <a href=\"https:\/\/actu.fr\/tag\/stade-pierre-mauroy\" target=\"_blank\" rel=\"noopener\">stade Pierre-Mauroy<\/a> \u00e0 Villeneuve-d\u2019Ascq<\/b> accueillera une<b> nouvelle superstar<\/b> en 2026. Un artiste \u00e0 l\u2019envergure internationale, qui a m\u00eame \u00e9t\u00e9 <b>le performer du Super Bowl en 2021<\/b>, pour les connaisseurs\u2026 On fait encore un peu durer le suspense : ce \u00ab\u00a0Starboy\u00a0\u00bb vous dit-il quelque chose ?<\/p>\n<p>The Weeknd sera au stade Pierre-Mauroy de Lille le 3 juillet 2026<\/p>\n<p class=\" wall-content\">Apr\u00e8s Bruce Springsteen, <a href=\"https:\/\/actu.fr\/hauts-de-france\/lille_59350\/ed-sheeran-fait-la-surprise-dinviter-pierre-garnier-a-son-concert-a-lille-le-public-aux-anges_62807707.html\" target=\"_blank\" rel=\"noopener\">Ed Sheeran<\/a>, Imagine Dragons, c\u2019est bel et bien <b>The Weeknd <\/b>qui se produira sur la sc\u00e8ne du stade, le<b> 3 juillet 2026<\/b>. Le chanteur canadien a ajout\u00e9 des dates \u00e0 sa prestigieuse tourn\u00e9e europ\u00e9enne\u00a0 \u00ab\u00a0After Hours Til Dawn Tour\u00a0\u00bb \u2013 qui passe notamment par Manchester, Copenhague, Munich, Barcelone, Paris et Lisbonne \u2013 et <b>Lille est dans la liste<\/b> !<\/p>\n<p class=\" wall-content\">The Weeknd, de son vrai nom Abel Tesfaye, a partag\u00e9 l\u2019information sur son compte X, et elle a \u00e9t\u00e9 vue des dizaines de milliers de fois en quelques minutes. Il va s\u00fbrement falloir jouer des coudes pour avoir sa place\u2026<\/p>\n<p class=\" wall-content\">\n<p class=\" wall-content\">Cr\u00e9ez-vous donc une alerte :<b> une pr\u00e9vente des billets<\/b> est organis\u00e9e sur <a href=\"https:\/\/www.stade-pierre-mauroy.com\/programmation\/concert\/the-weeknd\" target=\"_blank\" rel=\"noopener\">le site du stade Pierre-Mauroy<\/a> d\u00e8s le <b>jeudi 16 octobre<\/b> \u00e0 12h, et <b>la mise en vente g\u00e9n\u00e9rale <\/b>aura lieu le<b> vendredi 17 octobre<\/b> 2025 \u00e0 12h. Bonne chance !<\/p>\n<p class=\" wall-content\">Personnalisez votre actualit\u00e9 en ajoutant vos villes et m\u00e9dias en favori avec <a href=\"https:\/\/moncompte.actu.fr\" title=\"D\u00e9couvez Mon Actu\" rel=\"nofollow noopener\" data-trk=\"{&quot;cta&quot;:{&quot;action&quot;:&quot;https:\\\/\\\/moncompte.actu.fr&quot;,&quot;category&quot;:&quot;mon compte&quot;,&quot;from&quot;:&quot;article footer&quot;,&quot;name&quot;:&quot;Mon actu&quot;,&quot;type&quot;:&quot;cta&quot;}}\" target=\"_blank\">Mon Actu<\/a>.<\/p>\n","protected":false},"excerpt":{"rendered":"Par Margot Nicod\u00e8me Publi\u00e9 le 9 oct. 2025 \u00e0 16h38 La nouvelle vient tout juste de tomber, peu&hellip;\n","protected":false},"author":2,"featured_media":450656,"comment_status":"","ping_status":"","sticky":false,"template":"","format":"standard","meta":{"footnotes":""},"categories":[8],"tags":[1697,58,59,3696,1011,27,13595],"class_list":{"0":"post-450655","1":"post","2":"type-post","3":"status-publish","4":"format-standard","5":"has-post-thumbnail","7":"category-divertissement","8":"tag-concert","9":"tag-divertissement","10":"tag-entertainment","11":"tag-evenements","12":"tag-fr","13":"tag-france","14":"tag-stade-pierre-mauroy"},"share_on_mastodon":{"url":"","error":""},"_links":{"self":[{"href":"https:\/\/www.europesays.com\/fr\/wp-json\/wp\/v2\/posts\/450655","targetHints":{"allow":["GET"]}}],"collection":[{"href":"https:\/\/www.europesays.com\/fr\/wp-json\/wp\/v2\/posts"}],"about":[{"href":"https:\/\/www.europesays.com\/fr\/wp-json\/wp\/v2\/types\/post"}],"author":[{"embeddable":true,"href":"https:\/\/www.europesays.com\/fr\/wp-json\/wp\/v2\/users\/2"}],"replies":[{"embeddable":true,"href":"https:\/\/www.europesays.com\/fr\/wp-json\/wp\/v2\/comments?post=450655"}],"version-history":[{"count":0,"href":"https:\/\/www.europesays.com\/fr\/wp-json\/wp\/v2\/posts\/450655\/revisions"}],"wp:featuredmedia":[{"embeddable":true,"href":"https:\/\/www.europesays.com\/fr\/wp-json\/wp\/v2\/media\/450656"}],"wp:attachment":[{"href":"https:\/\/www.europesays.com\/fr\/wp-json\/wp\/v2\/media?parent=450655"}],"wp:term":[{"taxonomy":"category","embeddable":true,"href":"https:\/\/www.europesays.com\/fr\/wp-json\/wp\/v2\/categories?post=450655"},{"taxonomy":"post_tag","embeddable":true,"href":"https:\/\/www.europesays.com\/fr\/wp-json\/wp\/v2\/tags?post=450655"}],"curies":[{"name":"wp","href":"https:\/\/api.w.org\/{rel}","templated":true}]}}