{"id":450663,"date":"2025-10-09T18:40:12","date_gmt":"2025-10-09T18:40:12","guid":{"rendered":"https:\/\/www.europesays.com\/fr\/450663\/"},"modified":"2025-10-09T18:40:12","modified_gmt":"2025-10-09T18:40:12","slug":"qui-seront-les-grands-gagnants-dune-eventuelle-suspension","status":"publish","type":"post","link":"https:\/\/www.europesays.com\/fr\/450663\/","title":{"rendered":"qui seront les grands gagnants d\u2019une \u00e9ventuelle suspension ?"},"content":{"rendered":"<p>\n    <strong>D\u00c9CRYPTAGE &#8211;<\/strong> Alors qu\u2019\u00c9lisabeth Borne, ancienne premi\u00e8re ministre, a ouvert la porte \u00e0 une \u00absuspension\u00bb de la r\u00e9forme des retraites adopt\u00e9e en 2023, le d\u00e9bat s\u2019enflamme de nouveau autour de l\u2019un des textes les plus controvers\u00e9s de la pr\u00e9sidence d\u2019Emmanuel Macron.<\/p>\n<p class=\"fig-paragraph\">\u00abIl faut savoir \u00e9couter et bouger\u00bb, d\u00e9clarait \u00c9lisabeth Borne r\u00e9cemment dans Le Parisien \u00e0 propos de la tr\u00e8s d\u00e9cri\u00e9e reforme des retraites. Une simple phrase aux cons\u00e9quences consid\u00e9rables pour plusieurs millions de Fran\u00e7ais. La r\u00e9forme, pass\u00e9e en force au printemps 2023 via\u00a0<a href=\"http:\/\/www.lefigaro.fr\/politique\/sans-le-49-3-sebastien-lecornu-prend-le-risque-d-un-sabordage-de-la-reforme-des-retraites-20251003\" data-fig-type=\"Article\" data-gtm-custom-categorie=\"navigation\" data-gtm-custom-action=\"crossclick\" data-gtm-custom-label=\"Contextuel\" data-gtm-event=\"customEventSPE\" data-fig-domain=\"LEFIGARO\" rel=\"nofollow noopener\" target=\"_blank\">l\u2019article 49.3 de la Constitution<\/a>, avait fait exploser d\u2019indignation la chambre basse du Parlement et provoqu\u00e9 une mobilisation sociale d\u2019une ampleur in\u00e9dite.<\/p>\n<p class=\"fig-paragraph\">La controverse r\u00e9side essentiellement dans le recul progressif de l\u2019\u00e2ge l\u00e9gal de d\u00e9part, de 62 \u00e0 64 ans. Cette \u00e9volution, enclench\u00e9e en septembre 2023, doit s\u2019\u00e9taler jusqu\u2019en 2030, \u00e0 raison de\u00a0<a href=\"http:\/\/www.lefigaro.fr\/social\/reforme-des-retraites-ce-qui-entre-en-vigueur-a-partir-du-1er-septembre-20230823\" data-fig-type=\"Article\" data-gtm-custom-categorie=\"navigation\" data-gtm-custom-action=\"crossclick\" data-gtm-custom-label=\"Contextuel\" data-gtm-event=\"customEventSPE\" data-fig-domain=\"LEFIGARO\" rel=\"nofollow noopener\" target=\"_blank\">trois mois suppl\u00e9mentaires par g\u00e9n\u00e9ration<\/a>. Ainsi, les personnes n\u00e9es apr\u00e8s le 1er septembre 1961 pouvaient partir \u00e0 62 ans et 3 mois, celles n\u00e9es en 1962 \u00e0 62 ans et 6 mois, puis 62 ans et 9 mois pour la g\u00e9n\u00e9ration 1963, jusqu\u2019\u00e0 atteindre 64 ans pour la g\u00e9n\u00e9ration 1968.<\/p>\n<p class=\"fig-body-link\">\n            \u00c0 lire aussi<br \/>\n        <a class=\"fig-body-link__link\" href=\"http:\/\/www.lefigaro.fr\/conjoncture\/une-suspension-de-la-reforme-des-retraites-couterait-au-moins-3-milliards-d-euros-en-2027-estime-sebastien-lecornu-20251008\" target=\"_blank\" data-fig-type=\"NewsFlash\" rel=\"noopener nofollow\" data-gtm-custom-categorie=\"navigation\" data-gtm-custom-action=\"crossclick\" data-gtm-custom-label=\"Contextuel\" data-gtm-event=\"customEventSPE\" data-fig-domain=\"LEFIGARO\">Une suspension de la r\u00e9forme des retraites co\u00fbterait \u00ab\u00a0au moins 3 milliards d\u2019euros en 2027\u00a0\u00bb, estime S\u00e9bastien Lecornu<br \/>\n    <\/a>\n<\/p>\n<p class=\"fig-paragraph\">Parall\u00e8lement, la\u00a0<a href=\"http:\/\/www.lefigaro.fr\/social\/age-legal-duree-de-cotisation-emploi-des-seniors-les-points-cles-de-la-reforme-des-retraites-20230315\" data-fig-type=\"NewsFlash\" data-gtm-custom-categorie=\"navigation\" data-gtm-custom-action=\"crossclick\" data-gtm-custom-label=\"Contextuel\" data-gtm-event=\"customEventSPE\" data-fig-domain=\"LEFIGARO\" rel=\"nofollow noopener\" target=\"_blank\">dur\u00e9e de cotisation<\/a>\u00a0pour obtenir une retraite \u00e0 taux plein passait de 168 \u00e0 172 trimestres, soit 43 ann\u00e9es de travail \u00e0 partir de 2027 pour les personnes n\u00e9es \u00e0 partir de 1965, qui devront rassembler 172 trimestres cotis\u00e9s. Suspendre cette r\u00e9forme reviendrait donc \u00e0 geler la progression actuelle,\u00a0<a href=\"http:\/\/www.lefigaro.fr\/conjoncture\/age-legal-carrieres-longues-ce-qu-impliquerait-concretement-une-suspension-de-la-reforme-des-retraites-20251008\" data-fig-type=\"Article\" data-gtm-custom-categorie=\"navigation\" data-gtm-custom-action=\"crossclick\" data-gtm-custom-label=\"Contextuel\" data-gtm-event=\"customEventSPE\" data-fig-domain=\"LEFIGARO\" rel=\"nofollow noopener\" target=\"_blank\">fixant l\u2019\u00e2ge de d\u00e9part \u00e0 63 ans<\/a>\u00a0au lieu des 64 ans pr\u00e9vus, sans pour autant effacer les mois d\u00e9j\u00e0 travaill\u00e9s par ceux qui ont subi le d\u00e9but de la mont\u00e9e en charge.<\/p>\n<p class=\"fig-premium-paywall__infos\">\n        Cet article est r\u00e9serv\u00e9 aux abonn\u00e9s.        Il vous reste 63% \u00e0 d\u00e9couvrir.\n    <\/p>\n<p>                <img  data- alt=\"Le Figaro\" class=\"fig-img--complete fig-img\"\/><\/p>\n<p class=\"fig-premium-paywall__title\">J-100, Le Figaro f\u00eate ses 200 ans<\/p>\n<p class=\"fig-premium-paywall__subtitle\">Offre anniversaire : 2\u20ac\/mois pendant 200 semaines<\/p>\n<p class=\"fig-premium-paywall__connect\">\n                D\u00e9j\u00e0 abonn\u00e9\u00a0?                <a class=\"fig-premium-paywall__connect-link\" href=\"https:\/\/connect.lefigaro.fr\/login?client=horizon_web&amp;type=main&amp;redirect_uri=https%3A%2F%2Fwww.lefigaro.fr%2Fsocial%2Freforme-des-retraites-qui-seront-les-grands-gagnants-d-une-eventuelle-suspension-20251009\" data-js-gtm=\"{&quot;customCategorie&quot;: &quot;conversion&quot;, &quot;customAction&quot;: &quot;before_Landing_Connexion_paywall_manuel&quot;, &quot;customLabel&quot;: &quot;bGVmaWdhcm8uZnJfXzFmMGE1MDVkLWQyNWMtNjRjOC1hMjM3LTg5M2Q5ZGQ3Y2M2Yl9fQXJ0aWNsZQ==_R\u00e9forme des retraites\u00a0: qui seront les grands gagnants d\u2019une \u00e9ventuelle suspension\u00a0?_625&quot;, &quot;customIDSPE&quot;: &quot;bGVmaWdhcm8uZnJfXzFmMGE1MDVkLWQyNWMtNjRjOC1hMjM3LTg5M2Q5ZGQ3Y2M2Yl9fQXJ0aWNsZQ==&quot;, &quot;event&quot;: &quot;customEventSPE&quot;}\" rel=\"nofollow noopener\" target=\"_blank\"><br \/>\n                    Connectez-vous<br \/>\n                <\/a>\n            <\/p>\n","protected":false},"excerpt":{"rendered":"D\u00c9CRYPTAGE &#8211; Alors qu\u2019\u00c9lisabeth Borne, ancienne premi\u00e8re ministre, a ouvert la porte \u00e0 une \u00absuspension\u00bb de la r\u00e9forme&hellip;\n","protected":false},"author":2,"featured_media":450664,"comment_status":"","ping_status":"","sticky":false,"template":"","format":"standard","meta":{"footnotes":""},"categories":[4],"tags":[11,1003,10259,1011,27,12,11036,25],"class_list":{"0":"post-450663","1":"post","2":"type-post","3":"status-publish","4":"format-standard","5":"has-post-thumbnail","7":"category-france","8":"tag-actualites","9":"tag-budget","10":"tag-deficit","11":"tag-fr","12":"tag-france","13":"tag-news","14":"tag-reforme-des-retraites","15":"tag-republique-francaise"},"share_on_mastodon":{"url":"https:\/\/pubeurope.com\/@fr\/115345675036831602","error":""},"_links":{"self":[{"href":"https:\/\/www.europesays.com\/fr\/wp-json\/wp\/v2\/posts\/450663","targetHints":{"allow":["GET"]}}],"collection":[{"href":"https:\/\/www.europesays.com\/fr\/wp-json\/wp\/v2\/posts"}],"about":[{"href":"https:\/\/www.europesays.com\/fr\/wp-json\/wp\/v2\/types\/post"}],"author":[{"embeddable":true,"href":"https:\/\/www.europesays.com\/fr\/wp-json\/wp\/v2\/users\/2"}],"replies":[{"embeddable":true,"href":"https:\/\/www.europesays.com\/fr\/wp-json\/wp\/v2\/comments?post=450663"}],"version-history":[{"count":0,"href":"https:\/\/www.europesays.com\/fr\/wp-json\/wp\/v2\/posts\/450663\/revisions"}],"wp:featuredmedia":[{"embeddable":true,"href":"https:\/\/www.europesays.com\/fr\/wp-json\/wp\/v2\/media\/450664"}],"wp:attachment":[{"href":"https:\/\/www.europesays.com\/fr\/wp-json\/wp\/v2\/media?parent=450663"}],"wp:term":[{"taxonomy":"category","embeddable":true,"href":"https:\/\/www.europesays.com\/fr\/wp-json\/wp\/v2\/categories?post=450663"},{"taxonomy":"post_tag","embeddable":true,"href":"https:\/\/www.europesays.com\/fr\/wp-json\/wp\/v2\/tags?post=450663"}],"curies":[{"name":"wp","href":"https:\/\/api.w.org\/{rel}","templated":true}]}}