{"id":450665,"date":"2025-10-09T18:41:12","date_gmt":"2025-10-09T18:41:12","guid":{"rendered":"https:\/\/www.europesays.com\/fr\/450665\/"},"modified":"2025-10-09T18:41:12","modified_gmt":"2025-10-09T18:41:12","slug":"reglement-de-compte-a-la-belle-de-mai-un-commando-de-la-dz-mafia-arrete-en-flag-par-la-pj-la-provence","status":"publish","type":"post","link":"https:\/\/www.europesays.com\/fr\/450665\/","title":{"rendered":"R\u00e8glement de compte \u00e0 la Belle de Mai : un commando de la DZ Mafia arr\u00eat\u00e9 en flag&#039; par la PJ &#8211; La Provence"},"content":{"rendered":"<ol>\n<li><a href=\"https:\/\/news.google.com\/rss\/articles\/CBMi8gFBVV95cUxPV0ZlOXY3alpEUGNEenNsTU5JS3Z3a1JrQkdQNk45dFpFcUNZQU95cmQxZGdmVjRlNmRReXNjSHEzTEhSZGlRbWwteGRPZDM5V1ItRzJPYjhQWTdsUjBUUzdQc0dnMi1pS0dCd1RueXRQR0lrOUlySXVleFk5U2ItNlVJU0ZkclhwY01Ia1NMS2JrcGtkdjRLZVJ5MXZqYzg1R0Jxa1hRbDd2dWg2amNPeDA5MjlDQVozZzRseUU0WVVLd0ozRjlNNEI2Y3FGTWhPc3lXVUFpMlFpWHZjamwzSlFNeklpbm9jbzV5bHZ1cFJLQQ?oc=5\" target=\"_blank\" rel=\"noopener\">R\u00e8glement de compte \u00e0 la Belle de Mai : un commando de la DZ Mafia arr\u00eat\u00e9 en flag&rsquo; par la PJ<\/a>&nbsp;&nbsp;La Provence<\/li>\n<li><a href=\"https:\/\/news.google.com\/rss\/articles\/CBMijgJBVV95cUxPdm1RelBGa1NTM0I0QXVaVk16S2Y0cGItZ09WREFmbk1BY0NlYTR6OGZvLVlEVldRaFByTjZsLWlzVTVzVXJQWDgydjhrYUNGVW1rUnVKZmVyMW83cXMtSHRPQ3VGYVpoS0YwQl9fZzZ3ZWViQWhmY0VheXF4VmM1VU1pSzVkRnZQZzNkY0pFNURUQlBrLVJLNmR6T01nV24zbWs1OGJkS0lGVXpPaEd1NXBVemw1LTBzN21zYy12NHI4ZUJESEhJQ0ZKWnZSbUhOR1JTU0Z6SnNqbXFCSEJnVEJyYVZvWW1YRElxU29LMER2bWplcURrczltWFYwQVUzaUNoNmxDYUtiSHlpRWc?oc=5\" target=\"_blank\" rel=\"noopener\">Un homme tu\u00e9 par balles en plein jour \u00e0 Marseille pr\u00e8s d\u2019une salle de sport<\/a>&nbsp;&nbsp;Ouest-France<\/li>\n<li><a href=\"https:\/\/news.google.com\/rss\/articles\/CBMi5wFBVV95cUxQa3VENWVUYXo0ZTZ6dnQxalM5Uy1pVndSczBKVDcxYWtoTkJuVTk0ZklxbG1mSzJza0ZJc0NnbG1fMmZlNHR4WG9yUE9jb3V2a2RJdEdUOTdHQjJMR0h2YTd2aGlQaFNBMk0yVEtTUWYwZWJ4SWtsZjNqSEM0cTRVWFJXMUc4WWdzQzNKVTNzNG5ocElYZDI5eFdSWHJsXy1NRHlTTXp5LVMxb2Q1ZmgwX0lGZ1M3VVNKbU1XWmdaTnc3NEJVcm5ZT2VxQ3FNZlpadGE0ZXpjRHhGLUdVMFpmX1pCSmlDYkU?oc=5\" target=\"_blank\" rel=\"noopener\">INFO BFM MARSEILLE PROVENCE. Un homme tu\u00e9 par balle dans le quartier de la Belle-de-Mai<\/a>&nbsp;&nbsp;BFMTV<\/li>\n<li><a href=\"https:\/\/news.google.com\/rss\/articles\/CBMi-wFBVV95cUxOLWtBZjU1c0FuNFVmX2MySTlieGQxMERMUGdEc2ZmRzRHTHBtWFlfZEtWc0FsSlJJOWZJYVJmQlFHTWFTcG9wbF9GMS0wS2pmLU9lM0ZHb1hBcGkxQUh2Z1IyaHF4RXVuODJiV1lWMEVuZzZydm1FUWpRVkc2TGV6UkNHTmZLQmdsMU5ZTWItRWRwWXRkalBhaTV1aTVDVkFQYW4xTXJhcXp1VjNDSmV6TnFYbHpXVnVicTlRSXlRYzJaTUQzcVpELW5BQmRVU0psUDZOaHpvcEV1a21HeXdfQUVGemtFUlByNS1XRXdLNlFFRl9FR3ZOTkFtSQ?oc=5\" target=\"_blank\" rel=\"noopener\">Fusillade mortelle \u00e0 Marseille. Deux hommes interpell\u00e9s, identit\u00e9 de la victime : ce que l&rsquo;on sait<\/a>&nbsp;&nbsp;Actu.fr<\/li>\n<li><a href=\"https:\/\/news.google.com\/rss\/articles\/CBMimgFBVV95cUxPUU96dnhXUGd2OE42U2p4bEQ1Nkk4Uk51aEJFMjdSalZ0UG1xOTJpYUdmM2ZZcG04SHJpb2pFczlTR21fMTVxTzFNSmE1NnZtVG1IQ2FWN2hmeWJFdDJ3RkoxT2hYZXRFOXlxcHdWZ29NalVqWW0xWTYzd1hnbm1GTnYyWm1rWWMtYUhaek9DN2pXLW1sTXdwaDdR?oc=5\" target=\"_blank\" rel=\"noopener\">Marseille : un homme tu\u00e9 par balles en pleine rue, deux suspects interpell\u00e9s par la BRI<\/a>&nbsp;&nbsp;Le Figaro<\/li>\n<\/ol>\n","protected":false},"excerpt":{"rendered":"R\u00e8glement de compte \u00e0 la Belle de Mai : un commando de la DZ Mafia arr\u00eat\u00e9 en flag&rsquo;&hellip;\n","protected":false},"author":2,"featured_media":450666,"comment_status":"","ping_status":"","sticky":false,"template":"","format":"standard","meta":{"footnotes":""},"categories":[2],"tags":[17,11,11354,6041,6141,9705,274,1011,27,3642,2565,12,50322],"class_list":{"0":"post-450665","1":"post","2":"type-post","3":"status-publish","4":"format-standard","5":"has-post-thumbnail","7":"category-actualites","8":"tag-17","9":"tag-actualites","10":"tag-arrete","11":"tag-belle","12":"tag-commando","13":"tag-compte","14":"tag-faits-divers-justice","15":"tag-fr","16":"tag-france","17":"tag-mafia","18":"tag-mai","19":"tag-news","20":"tag-reglement"},"share_on_mastodon":{"url":"https:\/\/pubeurope.com\/@fr\/115345678935529899","error":""},"_links":{"self":[{"href":"https:\/\/www.europesays.com\/fr\/wp-json\/wp\/v2\/posts\/450665","targetHints":{"allow":["GET"]}}],"collection":[{"href":"https:\/\/www.europesays.com\/fr\/wp-json\/wp\/v2\/posts"}],"about":[{"href":"https:\/\/www.europesays.com\/fr\/wp-json\/wp\/v2\/types\/post"}],"author":[{"embeddable":true,"href":"https:\/\/www.europesays.com\/fr\/wp-json\/wp\/v2\/users\/2"}],"replies":[{"embeddable":true,"href":"https:\/\/www.europesays.com\/fr\/wp-json\/wp\/v2\/comments?post=450665"}],"version-history":[{"count":0,"href":"https:\/\/www.europesays.com\/fr\/wp-json\/wp\/v2\/posts\/450665\/revisions"}],"wp:featuredmedia":[{"embeddable":true,"href":"https:\/\/www.europesays.com\/fr\/wp-json\/wp\/v2\/media\/450666"}],"wp:attachment":[{"href":"https:\/\/www.europesays.com\/fr\/wp-json\/wp\/v2\/media?parent=450665"}],"wp:term":[{"taxonomy":"category","embeddable":true,"href":"https:\/\/www.europesays.com\/fr\/wp-json\/wp\/v2\/categories?post=450665"},{"taxonomy":"post_tag","embeddable":true,"href":"https:\/\/www.europesays.com\/fr\/wp-json\/wp\/v2\/tags?post=450665"}],"curies":[{"name":"wp","href":"https:\/\/api.w.org\/{rel}","templated":true}]}}