{"id":450667,"date":"2025-10-09T18:42:28","date_gmt":"2025-10-09T18:42:28","guid":{"rendered":"https:\/\/www.europesays.com\/fr\/450667\/"},"modified":"2025-10-09T18:42:28","modified_gmt":"2025-10-09T18:42:28","slug":"firminy-les-centres-sociaux-alertent-sur-leur-situation-economique-difficile","status":"publish","type":"post","link":"https:\/\/www.europesays.com\/fr\/450667\/","title":{"rendered":"Firminy. Les centres sociaux alertent sur leur situation \u00e9conomique difficile"},"content":{"rendered":"<p>Samedi 11\u00a0octobre, le centre social du Soleil Levant se mobilisera \u00e0 l\u2019initiative du Mouvement Associatif, comme de nombreuses associations d\u2019\u00e9ducation populaire partout dans le pays. La raison de cette nouvelle \u00e9tape du mouvement a pour but d\u2019alerter sur leur situation financi\u00e8re qui se d\u00e9grade et sur le co\u00fbt \u00e9conomique, social et d\u00e9mocratique qui en d\u00e9coule.<\/p>\n<p>En 2024, dans la Loire, 42\u00a0% des centres sociaux ont boucl\u00e9 leur exercice en d\u00e9ficit, dont 25\u00a0% avec une perte de 15\u00a0000\u00a0\u20ac (1). Si le Soleil Levant parvient \u00e0 un certain \u00e9quilibre, il n\u2019a pas la possibilit\u00e9 de d\u00e9velopper&#8230;<\/p>\n","protected":false},"excerpt":{"rendered":"Samedi 11\u00a0octobre, le centre social du Soleil Levant se mobilisera \u00e0 l\u2019initiative du Mouvement Associatif, comme de nombreuses&hellip;\n","protected":false},"author":2,"featured_media":450668,"comment_status":"","ping_status":"","sticky":false,"template":"","format":"standard","meta":{"footnotes":""},"categories":[9653],"tags":[1111,11,2430,7539,1777,674,10282,10283,1011,27,12,25,4001,104,1631],"class_list":{"0":"post-450667","1":"post","2":"type-post","3":"status-publish","4":"format-standard","5":"has-post-thumbnail","7":"category-saint-etienne","8":"tag-actu","9":"tag-actualites","10":"tag-auvergne-rhone-alpes","11":"tag-edition-loire-sud","12":"tag-eu","13":"tag-europe","14":"tag-firminy","15":"tag-firminy-ville","16":"tag-fr","17":"tag-france","18":"tag-news","19":"tag-republique-francaise","20":"tag-saint-etienne","21":"tag-societe","22":"tag-vie-associative"},"share_on_mastodon":{"url":"https:\/\/pubeurope.com\/@fr\/115345682912845855","error":""},"_links":{"self":[{"href":"https:\/\/www.europesays.com\/fr\/wp-json\/wp\/v2\/posts\/450667","targetHints":{"allow":["GET"]}}],"collection":[{"href":"https:\/\/www.europesays.com\/fr\/wp-json\/wp\/v2\/posts"}],"about":[{"href":"https:\/\/www.europesays.com\/fr\/wp-json\/wp\/v2\/types\/post"}],"author":[{"embeddable":true,"href":"https:\/\/www.europesays.com\/fr\/wp-json\/wp\/v2\/users\/2"}],"replies":[{"embeddable":true,"href":"https:\/\/www.europesays.com\/fr\/wp-json\/wp\/v2\/comments?post=450667"}],"version-history":[{"count":0,"href":"https:\/\/www.europesays.com\/fr\/wp-json\/wp\/v2\/posts\/450667\/revisions"}],"wp:featuredmedia":[{"embeddable":true,"href":"https:\/\/www.europesays.com\/fr\/wp-json\/wp\/v2\/media\/450668"}],"wp:attachment":[{"href":"https:\/\/www.europesays.com\/fr\/wp-json\/wp\/v2\/media?parent=450667"}],"wp:term":[{"taxonomy":"category","embeddable":true,"href":"https:\/\/www.europesays.com\/fr\/wp-json\/wp\/v2\/categories?post=450667"},{"taxonomy":"post_tag","embeddable":true,"href":"https:\/\/www.europesays.com\/fr\/wp-json\/wp\/v2\/tags?post=450667"}],"curies":[{"name":"wp","href":"https:\/\/api.w.org\/{rel}","templated":true}]}}