{"id":450678,"date":"2025-10-09T18:48:11","date_gmt":"2025-10-09T18:48:11","guid":{"rendered":"https:\/\/www.europesays.com\/fr\/450678\/"},"modified":"2025-10-09T18:48:11","modified_gmt":"2025-10-09T18:48:11","slug":"comment-gerer-ses-dechets-verts","status":"publish","type":"post","link":"https:\/\/www.europesays.com\/fr\/450678\/","title":{"rendered":"comment g\u00e9rer ses d\u00e9chets verts\u00a0?"},"content":{"rendered":"<p>            Par<br \/>\n        <strong><br \/>\n            <a href=\"https:\/\/actu.fr\/auteur\/metropoop\" title=\"Consulter tous les articles de R\u00e9daction M\u00e9tropolitain\" rel=\"nofollow noopener\" target=\"_blank\">R\u00e9daction M\u00e9tropolitain<\/a><br \/>\n        <\/strong><\/p>\n<p>        Publi\u00e9 le<\/p>\n<p>            9 oct. 2025 \u00e0 19h45        <\/p>\n<p>Le <strong>R\u00e9seau Compost Citoyen<\/strong> organise sa <strong>3\u1d49 \u00e9dition de la F\u00eate du sol vivant<\/strong>, avec un riche programme s\u2019\u00e9talant du samedi 11 au samedi 25 octobre. L\u2019occasion d\u2019<strong>explorer le compostage<\/strong> et les techniques de gestion des biod\u00e9chets directement au jardin. Pour mettre la main \u00e0 la terre, l\u2019<strong>Agglom\u00e9ration du Pays de l\u2019Or<\/strong> propose des <strong>ateliers et animations<\/strong> sur tout le territoire.<\/p>\n<p>Ouvrir les jardins pour partager le compostage<\/p>\n<p class=\" wall-content\">Pour d\u00e9couvrir comment g\u00e9rer les tontes, tailles de haies, branchages et restes de potager de mani\u00e8re \u00e9cologique, plusieurs dates et ateliers sont pr\u00e9vus.\u00a0<\/p>\n<p class=\" wall-content\"><strong>Au programme : <\/strong><\/p>\n<ul class=\" wall-content\">\n<li><strong>Samedi 11 octobre<\/strong>, 14h-17h\u202f: d\u00e9monstration de broyage de v\u00e9g\u00e9taux et de techniques de jardinage \u00e9cologique, en partenariat avec COMPOSTONS. Rendez-vous au Centre de valorisation, \u00e0 Palavas-les-Flots.<\/li>\n<li><strong>Dimanche 12 octobre<\/strong>, 9h-12h30\u202f: distribution de bioseaux lors du march\u00e9 plein air de La Grande-Motte, place du 1er octobre 1974.<\/li>\n<li><strong>Mardi 14 octobre<\/strong>, 18h-20h\u202f: conf\u00e9rence-d\u00e9bat et diffusion du documentaire La disparition des lucioles, suivis d\u2019un ap\u00e9ritif offert. M\u00e9diath\u00e8que Gaston Baissette, \u00e0 Mauguio.<\/li>\n<li><strong>Lundi 20 octobre<\/strong>, 14h15-15h\u202f: visite d\u2019une plateforme de compostage ou \u00ab\u202fcomposti\u00e8re\u202f\u00bb. Inscription obligatoire avant le 17 octobre \u00e0 <a href=\"https:\/\/actu.fr\/cdn-cgi\/l\/email-protection\" class=\"__cf_email__\" data-cfemail=\"d0b5bea6b9a2bfbebeb5bdb5bea490a0b1a9a3b4b5bcbfa2feb6a2\" rel=\"nofollow noopener\" target=\"_blank\">[email\u00a0protected]<\/a>. Chemin des Rouires (face \u00e0 La Ros\u00e9e), \u00e0 Mauguio.<\/li>\n<li><strong>Mardi 21 octobre<\/strong>, 9h-17h\u202f: formation \u00ab\u202fcompostage partag\u00e9\u202f\u00bb. Inscription obligatoire avant le 17 octobre \u00e0 <a href=\"https:\/\/actu.fr\/cdn-cgi\/l\/email-protection\" class=\"__cf_email__\" data-cfemail=\"294c475f405b4647474c444c475d695948505a4d4c45465b074f5b\" rel=\"nofollow noopener\" target=\"_blank\">[email\u00a0protected]<\/a>. Palais des congr\u00e8s, La Grande-Motte.<\/li>\n<li><strong>Mercredi 22 octobre<\/strong>, 9h-11h ou 14h-16h\u202f: formation sur l\u2019utilisation de lombricomposteurs. Inscription obligatoire avant le 17 octobre \u00e0 <a href=\"https:\/\/actu.fr\/cdn-cgi\/l\/email-protection\" class=\"__cf_email__\" data-cfemail=\"7e1c17111a1b1d161b0a0d3e0e1f070d1a1b12110c50180c\" rel=\"nofollow noopener\" target=\"_blank\">[email\u00a0protected]<\/a>. Matin\u202f: France Services Mauguio. Apr\u00e8s-midi\u202f: France Services La Grande-Motte, place du 1er octobre 1974.<\/li>\n<li><strong>Samedi 25 octobre<\/strong>, 14h-17h\u202f: nouvelle d\u00e9monstration de broyage de v\u00e9g\u00e9taux et techniques de jardinage \u00e9cologique, en partenariat avec COMPOSTONS. Centre de valorisation, \u00e0 Saint-Aun\u00e8s.<\/li>\n<\/ul>\n<p>Pourquoi g\u00e9rer ses d\u00e9chets verts sur place<\/p>\n<p class=\" wall-content\">Depuis le 1\u1d49\u02b3 janvier 2024, le<strong> tri des biod\u00e9chets<\/strong> est g\u00e9n\u00e9ralis\u00e9 pour tous, particuliers comme professionnels. Ce terme regroupe <strong>deux types<\/strong> de d\u00e9chets\u202f: les restes alimentaires, comme les \u00e9pluchures et d\u00e9chets de table, et les d\u00e9chets verts issus des jardins et espaces publics, comme les tontes de pelouse ou les tailles de haies. Les collectivit\u00e9s doivent proposer \u00e0 leurs habitants<strong> des solutions<\/strong> pour les s\u00e9parer des ordures m\u00e9nag\u00e8res. Pour rappel, en France, il est <strong>interdit de br\u00fbler ces d\u00e9chets \u00e0 l\u2019air libre<\/strong>, sauf autorisation pr\u00e9fectorale. Le non-respect de cette r\u00e8gle peut entra\u00eener <strong>une amende de 450\u202f\u20ac<\/strong>.<\/p>\n<p>Vid\u00e9os : en ce moment sur Actu<\/p>\n<p class=\" wall-content\">Chaque ann\u00e9e, un habitant d\u00e9pose en moyenne <strong>130\u202fkg de d\u00e9chets verts en d\u00e9chetterie<\/strong>, dont 60\u202f% de tontes de pelouse. Sur certains territoires, ces derniers repr\u00e9sentent jusqu\u2019\u00e0 la moiti\u00e9 des apports en d\u00e9ch\u00e8terie, et leur gestion repr\u00e9sente un co\u00fbt exorbitant pour les collectivit\u00e9s. R\u00e9utiliser cette mati\u00e8re organique dans le jardin, par compost ou paillage, est essentiel\u202f: elle <strong>nourrit la terre et emp\u00eache les parcelles de s\u2019appauvrir<\/strong>. Le <strong>paillage<\/strong>, quant \u00e0 lui, permet aussi de limiter l\u2019\u00e9vaporation et de r\u00e9duire l\u2019arrosage. De plus, g\u00e9rer ses d\u00e9chets verts directement sur place r\u00e9duit les trajets vers la d\u00e9chetterie, ce qui fait gagner du temps, \u00e9conomiser du carburant et limiter l\u2019usure des v\u00e9hicules, tout en <strong>r\u00e9duisant les \u00e9missions de CO\u2082<\/strong>.<\/p>\n<p><strong>&gt;<\/strong> Pour en savoir plus, <a href=\"https:\/\/paysdelor.fr\/app\/uploads\/2024\/09\/Flyer_Fete_sol_A5_1-1.pdf\" rel=\"nofollow noopener\" target=\"_blank\">c\u2019est par ici.<\/a>\u00a0<\/p>\n<p class=\" wall-content\">Personnalisez votre actualit\u00e9 en ajoutant vos villes et m\u00e9dias en favori avec <a href=\"https:\/\/moncompte.actu.fr\" title=\"D\u00e9couvez Mon Actu\" rel=\"nofollow noopener\" data-trk=\"{&quot;cta&quot;:{&quot;action&quot;:&quot;https:\\\/\\\/moncompte.actu.fr&quot;,&quot;category&quot;:&quot;mon compte&quot;,&quot;from&quot;:&quot;article footer&quot;,&quot;name&quot;:&quot;Mon actu&quot;,&quot;type&quot;:&quot;cta&quot;}}\" target=\"_blank\">Mon Actu<\/a>.<\/p>\n","protected":false},"excerpt":{"rendered":"Par R\u00e9daction M\u00e9tropolitain Publi\u00e9 le 9 oct. 2025 \u00e0 19h45 Le R\u00e9seau Compost Citoyen organise sa 3\u1d49 \u00e9dition&hellip;\n","protected":false},"author":2,"featured_media":450679,"comment_status":"","ping_status":"","sticky":false,"template":"","format":"standard","meta":{"footnotes":""},"categories":[9599],"tags":[1111,11,1777,674,1011,27,2208,12,2680,25,104],"class_list":{"0":"post-450678","1":"post","2":"type-post","3":"status-publish","4":"format-standard","5":"has-post-thumbnail","7":"category-montpellier","8":"tag-actu","9":"tag-actualites","10":"tag-eu","11":"tag-europe","12":"tag-fr","13":"tag-france","14":"tag-montpellier","15":"tag-news","16":"tag-occitanie","17":"tag-republique-francaise","18":"tag-societe"},"share_on_mastodon":{"url":"https:\/\/pubeurope.com\/@fr\/115345706427865048","error":""},"_links":{"self":[{"href":"https:\/\/www.europesays.com\/fr\/wp-json\/wp\/v2\/posts\/450678","targetHints":{"allow":["GET"]}}],"collection":[{"href":"https:\/\/www.europesays.com\/fr\/wp-json\/wp\/v2\/posts"}],"about":[{"href":"https:\/\/www.europesays.com\/fr\/wp-json\/wp\/v2\/types\/post"}],"author":[{"embeddable":true,"href":"https:\/\/www.europesays.com\/fr\/wp-json\/wp\/v2\/users\/2"}],"replies":[{"embeddable":true,"href":"https:\/\/www.europesays.com\/fr\/wp-json\/wp\/v2\/comments?post=450678"}],"version-history":[{"count":0,"href":"https:\/\/www.europesays.com\/fr\/wp-json\/wp\/v2\/posts\/450678\/revisions"}],"wp:featuredmedia":[{"embeddable":true,"href":"https:\/\/www.europesays.com\/fr\/wp-json\/wp\/v2\/media\/450679"}],"wp:attachment":[{"href":"https:\/\/www.europesays.com\/fr\/wp-json\/wp\/v2\/media?parent=450678"}],"wp:term":[{"taxonomy":"category","embeddable":true,"href":"https:\/\/www.europesays.com\/fr\/wp-json\/wp\/v2\/categories?post=450678"},{"taxonomy":"post_tag","embeddable":true,"href":"https:\/\/www.europesays.com\/fr\/wp-json\/wp\/v2\/tags?post=450678"}],"curies":[{"name":"wp","href":"https:\/\/api.w.org\/{rel}","templated":true}]}}