{"id":450692,"date":"2025-10-09T18:59:13","date_gmt":"2025-10-09T18:59:13","guid":{"rendered":"https:\/\/www.europesays.com\/fr\/450692\/"},"modified":"2025-10-09T18:59:13","modified_gmt":"2025-10-09T18:59:13","slug":"les-riverains-vent-debout-contre-le-projet-immobilier-place-de-bordeaux","status":"publish","type":"post","link":"https:\/\/www.europesays.com\/fr\/450692\/","title":{"rendered":"les riverains vent debout contre le projet immobilier place de Bordeaux"},"content":{"rendered":"<p>\u00ab\u00a0C\u2019est trop, c\u2019est laid\u2026 Un mini-Manhattan dans notre jardin\u00a0!\u00a0\u00bb Le pr\u00e9sident de l\u2019Association des r\u00e9sidents du Tivoli, Jacques Marzolf, ne m\u00e2che pas ses mots face au projet immobilier dont les travaux pourraient d\u00e9buter avant la fin de l\u2019ann\u00e9e place de Bordeaux, \u00e0 Strasbourg. La friche\u00a0de l\u2019h\u00f4tel Mercure, une fois d\u00e9molie, c\u00e9dera la place \u00e0\u00a0cinq b\u00e2timents dont deux tours de 13 et 17 \u00e9tages, dispos\u00e9s en triangle autour d\u2019un \u00eelot v\u00e9g\u00e9tal central.\u00a0238 logements en accession libre et 60 logements sociaux sont pr\u00e9vus, ainsi qu\u2019un h\u00f4tel, une r\u00e9sidence \u00e9tudiante, une maison de retraite et des commerces. Un projet qui n\u00e9cessite la d\u00e9molition de l\u2019ancien h\u00f4tel Mercure, actuellement \u00e0 l\u2019abandon, juch\u00e9\u00a0cette parcelle d\u2019un peu plus d\u2019un hectare, <a href=\"https:\/\/www.dna.fr\/edition-de-strasbourg\/2019\/06\/25\/le-terrain-mercure-wacken-vendu-pour-etre-demoli-et-reconstruit\" target=\"_blank\" rel=\"noopener\">acquise en 2019 aupr\u00e8s de la Ville pour un montant de 15\u00a0millions d\u2019euros<\/a> par la Fonci\u00e8re Grand Est, d\u00e9sormais ma\u00eetre d\u2019ouvrage du futur complexe immobilier\u00a0dont la conception a \u00e9t\u00e9 confi\u00e9e au cabinet d\u2019architecture parisien ANMA.<\/p>\n<p>Une tour de 55 m\u00e8tres<\/p>\n<p>La&#8230;<\/p>\n","protected":false},"excerpt":{"rendered":"\u00ab\u00a0C\u2019est trop, c\u2019est laid\u2026 Un mini-Manhattan dans notre jardin\u00a0!\u00a0\u00bb Le pr\u00e9sident de l\u2019Association des r\u00e9sidents du Tivoli, Jacques&hellip;\n","protected":false},"author":2,"featured_media":450693,"comment_status":"","ping_status":"","sticky":false,"template":"","format":"standard","meta":{"footnotes":""},"categories":[2820],"tags":[1111,11,4749,1984,33,2880,1777,674,107,1011,27,775,1116,3539,12,316,25,640,2879],"class_list":{"0":"post-450692","1":"post","2":"type-post","3":"status-publish","4":"format-standard","5":"has-post-thumbnail","7":"category-strasbourg","8":"tag-actu","9":"tag-actualites","10":"tag-btp-et-chantiers","11":"tag-conseil-municipal","12":"tag-economie","13":"tag-edition-strasbourg","14":"tag-eu","15":"tag-europe","16":"tag-fil-info","17":"tag-fr","18":"tag-france","19":"tag-grand-est","20":"tag-immobilier","21":"tag-les-ecologistes","22":"tag-news","23":"tag-politique","24":"tag-republique-francaise","25":"tag-strasbourg","26":"tag-strasbourg-ville"},"share_on_mastodon":{"url":"https:\/\/pubeurope.com\/@fr\/115345749765049475","error":""},"_links":{"self":[{"href":"https:\/\/www.europesays.com\/fr\/wp-json\/wp\/v2\/posts\/450692","targetHints":{"allow":["GET"]}}],"collection":[{"href":"https:\/\/www.europesays.com\/fr\/wp-json\/wp\/v2\/posts"}],"about":[{"href":"https:\/\/www.europesays.com\/fr\/wp-json\/wp\/v2\/types\/post"}],"author":[{"embeddable":true,"href":"https:\/\/www.europesays.com\/fr\/wp-json\/wp\/v2\/users\/2"}],"replies":[{"embeddable":true,"href":"https:\/\/www.europesays.com\/fr\/wp-json\/wp\/v2\/comments?post=450692"}],"version-history":[{"count":0,"href":"https:\/\/www.europesays.com\/fr\/wp-json\/wp\/v2\/posts\/450692\/revisions"}],"wp:featuredmedia":[{"embeddable":true,"href":"https:\/\/www.europesays.com\/fr\/wp-json\/wp\/v2\/media\/450693"}],"wp:attachment":[{"href":"https:\/\/www.europesays.com\/fr\/wp-json\/wp\/v2\/media?parent=450692"}],"wp:term":[{"taxonomy":"category","embeddable":true,"href":"https:\/\/www.europesays.com\/fr\/wp-json\/wp\/v2\/categories?post=450692"},{"taxonomy":"post_tag","embeddable":true,"href":"https:\/\/www.europesays.com\/fr\/wp-json\/wp\/v2\/tags?post=450692"}],"curies":[{"name":"wp","href":"https:\/\/api.w.org\/{rel}","templated":true}]}}