{"id":450694,"date":"2025-10-09T19:00:15","date_gmt":"2025-10-09T19:00:15","guid":{"rendered":"https:\/\/www.europesays.com\/fr\/450694\/"},"modified":"2025-10-09T19:00:15","modified_gmt":"2025-10-09T19:00:15","slug":"la-convention-citoyenne-pousse-le-tram-au-nord","status":"publish","type":"post","link":"https:\/\/www.europesays.com\/fr\/450694\/","title":{"rendered":"la Convention citoyenne pousse le tram au nord"},"content":{"rendered":"<p>Apr\u00e8s l&rsquo;accueil par la pr\u00e9sidente de l&rsquo;EMS <a href=\"https:\/\/www.dna.fr\/p\/pia-imbs\" target=\"_blank\" rel=\"nofollow noopener\">Pia Imbs<\/a>, une dizaine de conventionnistes ont pr\u00e9sent\u00e9 le fruit de leurs r\u00e9flexions.\u00a0Outre un nouveau trac\u00e9 <a href=\"https:\/\/www.dna.fr\/economie\/2025\/10\/07\/la-convention-sur-le-tram-nord-defend-un-trace-via-le-site-heineken\" target=\"_blank\" rel=\"nofollow noopener\">au nord de la place de Haguenau<\/a>\u00a0, le rapport explore plusieurs alternatives au trac\u00e9 que souhaitait l&rsquo;ex\u00e9cutif de l&rsquo;EMS dans le centre-ville \u00e9largi de Strasbourg.<\/p>\n<p>L&rsquo;avenue des Vosges ne serait pas forc\u00e9ment dot\u00e9e d&rsquo;un tram et deux autres variantes de connexion au r\u00e9seau existant ont \u00e9t\u00e9 \u00e9tudi\u00e9es.\u00a0Surtout, la circulation g\u00e9n\u00e9rale des v\u00e9hicules motoris\u00e9s, insistent les citoyens de la Convention, \u00ab\u00a0ne doit pas \u00eatre le parent pauvre ou le volet sacrifi\u00e9 du projet de circulation g\u00e9n\u00e9rale dans les environs du nouveau trac\u00e9\u00a0\u00bb.<\/p>\n<p>\u00ab\u00a0Communiquer r\u00e9guli\u00e8rement aupr\u00e8s de chaque citoyen\u00a0\u00bb<\/p>\n<p>Le rapport demande \u00e9galement que les riverains sur le futur trac\u00e9 puissent continuer \u00e0 se garer pr\u00e8s de chez eux et si possible \u00e0 un tarif moins prohibitif que celui appliqu\u00e9 aux automobilistes de l&rsquo;ext\u00e9rieur.<\/p>\n<p>Autre point crucial soulign\u00e9 dans le rapport : \u00ab Il faut communiquer r\u00e9guli\u00e8rement sur le projet de tramway aupr\u00e8s de chaque citoyen pour favoriser l&rsquo;adh\u00e9sion et [&#8230; ] se concerter concernant les impacts du tramway avec les riverains, les commer\u00e7ants, les usagers et les experts. \u00bb<\/p>\n","protected":false},"excerpt":{"rendered":"Apr\u00e8s l&rsquo;accueil par la pr\u00e9sidente de l&rsquo;EMS Pia Imbs, une dizaine de conventionnistes ont pr\u00e9sent\u00e9 le fruit de&hellip;\n","protected":false},"author":2,"featured_media":450695,"comment_status":"","ping_status":"","sticky":false,"template":"","format":"standard","meta":{"footnotes":""},"categories":[2820],"tags":[1111,11,33,2880,1777,674,1011,27,775,12,316,25,5512,640,800],"class_list":{"0":"post-450694","1":"post","2":"type-post","3":"status-publish","4":"format-standard","5":"has-post-thumbnail","7":"category-strasbourg","8":"tag-actu","9":"tag-actualites","10":"tag-economie","11":"tag-edition-strasbourg","12":"tag-eu","13":"tag-europe","14":"tag-fr","15":"tag-france","16":"tag-grand-est","17":"tag-news","18":"tag-politique","19":"tag-republique-francaise","20":"tag-schiltigheim","21":"tag-strasbourg","22":"tag-transports"},"share_on_mastodon":{"url":"https:\/\/pubeurope.com\/@fr\/115345753660009944","error":""},"_links":{"self":[{"href":"https:\/\/www.europesays.com\/fr\/wp-json\/wp\/v2\/posts\/450694","targetHints":{"allow":["GET"]}}],"collection":[{"href":"https:\/\/www.europesays.com\/fr\/wp-json\/wp\/v2\/posts"}],"about":[{"href":"https:\/\/www.europesays.com\/fr\/wp-json\/wp\/v2\/types\/post"}],"author":[{"embeddable":true,"href":"https:\/\/www.europesays.com\/fr\/wp-json\/wp\/v2\/users\/2"}],"replies":[{"embeddable":true,"href":"https:\/\/www.europesays.com\/fr\/wp-json\/wp\/v2\/comments?post=450694"}],"version-history":[{"count":0,"href":"https:\/\/www.europesays.com\/fr\/wp-json\/wp\/v2\/posts\/450694\/revisions"}],"wp:featuredmedia":[{"embeddable":true,"href":"https:\/\/www.europesays.com\/fr\/wp-json\/wp\/v2\/media\/450695"}],"wp:attachment":[{"href":"https:\/\/www.europesays.com\/fr\/wp-json\/wp\/v2\/media?parent=450694"}],"wp:term":[{"taxonomy":"category","embeddable":true,"href":"https:\/\/www.europesays.com\/fr\/wp-json\/wp\/v2\/categories?post=450694"},{"taxonomy":"post_tag","embeddable":true,"href":"https:\/\/www.europesays.com\/fr\/wp-json\/wp\/v2\/tags?post=450694"}],"curies":[{"name":"wp","href":"https:\/\/api.w.org\/{rel}","templated":true}]}}