{"id":450696,"date":"2025-10-09T19:01:12","date_gmt":"2025-10-09T19:01:12","guid":{"rendered":"https:\/\/www.europesays.com\/fr\/450696\/"},"modified":"2025-10-09T19:01:12","modified_gmt":"2025-10-09T19:01:12","slug":"aspremont-un-nouveau-chantier-demarre-sur-le-site-du-chateau","status":"publish","type":"post","link":"https:\/\/www.europesays.com\/fr\/450696\/","title":{"rendered":"Aspremont. Un nouveau chantier d\u00e9marre sur le site du ch\u00e2teau"},"content":{"rendered":"<p>Ce dimanche 5\u00a0octobre au matin, six b\u00e9n\u00e9voles ont r\u00e9pondu \u00e0 l\u2019appel de l\u2019Association pour la sauvegarde du patrimoine d\u2019Aspremont pour r\u00e9aliser une nouvelle matin\u00e9e d\u2019entretien du site du ch\u00e2teau, situ\u00e9 sur les hauteurs du village. Au programme, la petite mais active \u00e9quipe a d\u00e9marr\u00e9 la cr\u00e9ation d\u2019un muret le long du chemin qui monte \u00e0 la tour sud de l\u2019\u00e9difice. Au pied de cette tour, un important tas de cailloux a \u00e9t\u00e9 d\u00e9blay\u00e9 pour l\u2019occasion. De nouvelles matin\u00e9es de travail au ch\u00e2teau seront n\u00e9cessaires et l\u2019association communiquera bient\u00f4t les dates de ces rendez-vous patrimoniaux.<\/p>\n","protected":false},"excerpt":{"rendered":"Ce dimanche 5\u00a0octobre au matin, six b\u00e9n\u00e9voles ont r\u00e9pondu \u00e0 l\u2019appel de l\u2019Association pour la sauvegarde du patrimoine&hellip;\n","protected":false},"author":2,"featured_media":450697,"comment_status":"","ping_status":"","sticky":false,"template":"","format":"standard","meta":{"footnotes":""},"categories":[2819],"tags":[1111,11,29035,21098,1687,4521,1777,674,1011,27,12,2401,2661,882,25],"class_list":{"0":"post-450696","1":"post","2":"type-post","3":"status-publish","4":"format-standard","5":"has-post-thumbnail","7":"category-nice","8":"tag-actu","9":"tag-actualites","10":"tag-aspremont","11":"tag-buech-devoluy","12":"tag-culture-loisirs","13":"tag-edition-hautes-alpes-alpes-de-haute-provence","14":"tag-eu","15":"tag-europe","16":"tag-fr","17":"tag-france","18":"tag-news","19":"tag-nice","20":"tag-patrimoine-culturel","21":"tag-provence-alpes-cote-dazur","22":"tag-republique-francaise"},"share_on_mastodon":{"url":"https:\/\/pubeurope.com\/@fr\/115345757639096684","error":""},"_links":{"self":[{"href":"https:\/\/www.europesays.com\/fr\/wp-json\/wp\/v2\/posts\/450696","targetHints":{"allow":["GET"]}}],"collection":[{"href":"https:\/\/www.europesays.com\/fr\/wp-json\/wp\/v2\/posts"}],"about":[{"href":"https:\/\/www.europesays.com\/fr\/wp-json\/wp\/v2\/types\/post"}],"author":[{"embeddable":true,"href":"https:\/\/www.europesays.com\/fr\/wp-json\/wp\/v2\/users\/2"}],"replies":[{"embeddable":true,"href":"https:\/\/www.europesays.com\/fr\/wp-json\/wp\/v2\/comments?post=450696"}],"version-history":[{"count":0,"href":"https:\/\/www.europesays.com\/fr\/wp-json\/wp\/v2\/posts\/450696\/revisions"}],"wp:featuredmedia":[{"embeddable":true,"href":"https:\/\/www.europesays.com\/fr\/wp-json\/wp\/v2\/media\/450697"}],"wp:attachment":[{"href":"https:\/\/www.europesays.com\/fr\/wp-json\/wp\/v2\/media?parent=450696"}],"wp:term":[{"taxonomy":"category","embeddable":true,"href":"https:\/\/www.europesays.com\/fr\/wp-json\/wp\/v2\/categories?post=450696"},{"taxonomy":"post_tag","embeddable":true,"href":"https:\/\/www.europesays.com\/fr\/wp-json\/wp\/v2\/tags?post=450696"}],"curies":[{"name":"wp","href":"https:\/\/api.w.org\/{rel}","templated":true}]}}